{"id":216138,"date":"2018-02-10T10:20:58","date_gmt":"2018-02-10T09:20:58","guid":{"rendered":"http:\/\/www.radioluna.it\/news\/?p=216138"},"modified":"2018-02-10T16:59:26","modified_gmt":"2018-02-10T15:59:26","slug":"teatro-dannunzio-che-gran-pasticcio-si-chiude-di-nuovo-e-salta-il-don-pasquale","status":"publish","type":"post","link":"https:\/\/www.radioluna.it\/news\/2018\/02\/teatro-dannunzio-che-gran-pasticcio-si-chiude-di-nuovo-e-salta-il-don-pasquale\/","title":{"rendered":"Teatro D&#8217;Annunzio, che gran pasticcio, si chiude di nuovo e salta il Don Pasquale"},"content":{"rendered":"<div id=\"fb-root\"><\/div>\n<p style=\"text-align: justify;\"><strong>LATINA<\/strong> &#8211; Una nota asciutta della Fondazione Campus Internazionale di Musica\u00a0 annuncia che il \u201cDon Pasquale\u201d non andr\u00e0 a Teatro. Quale Teatro? Il D&#8217;Annunzio, naturalmente, quello stesso teatro che per anni ha funzionato in deroga, poi \u00e8 stato chiuso dal commissario prefettizio Giacomo Barbato (mancavano le autorizzazioni antincendio), quindi \u00e8 stato riaperto in deroga e poi richiuso per i lavori necessari a risolvere una volta per tutte le questione. Purtroppo per\u00f2 oggi, a lavori ultimati, la struttura \u00e8 stata aperta ancora una volta &#8220;in deroga&#8221;. Il problema \u00e8 sempre lo stesso: mancano le certificazioni. Verrebbe da dire: il teatro \u00e8 questo.<\/p>\n<p style=\"text-align: justify;\">Lo spettacolo di stasera &#8220;Qui e Ora&#8221; che apre la stagione teatrale si far\u00e0 grazie all&#8217;ordinanza emessa sindaco Coletta, ma gi\u00e0 l\u2019opera buffa di Donizetti, programmata dallo scorso novembre per domenica 18 febbraio, con la regia di Dario Ciotoli, dovr\u00e0 essere rinviata.<\/p>\n<p style=\"font-weight: 400; text-align: justify;\">&#8220;Nel momento in cui scriviamo\u00a0 \u00a0&#8211; spiegano dal Campus &#8211; non abbiamo ricevuto conferma di sedi alternative al D\u2019Annunzio, per il quale\u00a0 il 7 febbraio il Servizio Cultura del Comune di Latina ha negato l\u2019autorizzazione non essendo ancora acquisite le certificazioni e i pareri occorrenti per il funzionamento del Teatro.\u00a0La cosa pu\u00f2 suonare\u00a0 paradossale con la Stagione di prosa in corso (domani \u00e8 in programma il concerto inaugurale) e dopo aver ricevuto anche assicurazioni\u00a0 verbali&#8221;.<\/p>\n<p style=\"text-align: justify;\">Sembra davvero troppo, e il nuovo stop fa lievitare intorno a questa situazione un crescente disappunto. Solo per il Don Pasquale saltano quasi duemila studenti (erano previste anche quattro matin\u00e9es dal 14 al 17 febbraio)\u00a0 e per chi ha prenotato, salta la pomeridiana di domenica 18.\u00a0 &#8220;Non \u00e8 possibile al momento comunicare una nuova data per il\u00a0 \u201cDon Pasquale\u201d n\u00e9\u00a0 l\u2019inizio della Stagione Un\u2019Orchestra a Teatro 2018&#8221;, chiude la nota del Campus.<\/p>\n<p style=\"text-align: justify;\">La questione \u00e8 tutta nelle mani del Comune, struttura amministrativa e politica, e deve essere sbloccata anche perch\u00e9 ora sono stati spesi soldi dei contribuenti per mettere a norma il D&#8217;Annunzio. Il teatro deve andare a regime. Senza se e senza ma.<\/p>\n","protected":false},"excerpt":{"rendered":"<p>LATINA &#8211; Una nota asciutta della Fondazione Campus Internazionale di Musica\u00a0 annuncia che il \u201cDon Pasquale\u201d non andr\u00e0 a Teatro. Quale Teatro? Il D&#8217;Annunzio, naturalmente, quello stesso teatro che per anni ha funzionato in deroga, poi \u00e8 stato chiuso dal commissario prefettizio Giacomo Barbato (mancavano le autorizzazioni antincendio), quindi \u00e8 stato riaperto in deroga e [&hellip;]<\/p>\n","protected":false},"author":62,"featured_media":0,"comment_status":"open","ping_status":"open","sticky":false,"template":"","format":"standard","meta":{"footnotes":""},"categories":[7],"tags":[],"class_list":["post-216138","post","type-post","status-publish","format-standard","hentry","category-cronaca"],"_links":{"self":[{"href":"https:\/\/www.radioluna.it\/news\/wp-json\/wp\/v2\/posts\/216138","targetHints":{"allow":["GET"]}}],"collection":[{"href":"https:\/\/www.radioluna.it\/news\/wp-json\/wp\/v2\/posts"}],"about":[{"href":"https:\/\/www.radioluna.it\/news\/wp-json\/wp\/v2\/types\/post"}],"author":[{"embeddable":true,"href":"https:\/\/www.radioluna.it\/news\/wp-json\/wp\/v2\/users\/62"}],"replies":[{"embeddable":true,"href":"https:\/\/www.radioluna.it\/news\/wp-json\/wp\/v2\/comments?post=216138"}],"version-history":[{"count":0,"href":"https:\/\/www.radioluna.it\/news\/wp-json\/wp\/v2\/posts\/216138\/revisions"}],"wp:attachment":[{"href":"https:\/\/www.radioluna.it\/news\/wp-json\/wp\/v2\/media?parent=216138"}],"wp:term":[{"taxonomy":"category","embeddable":true,"href":"https:\/\/www.radioluna.it\/news\/wp-json\/wp\/v2\/categories?post=216138"},{"taxonomy":"post_tag","embeddable":true,"href":"https:\/\/www.radioluna.it\/news\/wp-json\/wp\/v2\/tags?post=216138"}],"curies":[{"name":"wp","href":"https:\/\/api.w.org\/{rel}","templated":true}]}}