{"id":216140,"date":"2018-02-10T10:29:17","date_gmt":"2018-02-10T09:29:17","guid":{"rendered":"http:\/\/www.radioluna.it\/news\/?p=216140"},"modified":"2018-02-10T10:29:17","modified_gmt":"2018-02-10T09:29:17","slug":"porcari-leu-acqua-pubblica-sanita-rafforzata-e-welfare-condiviso","status":"publish","type":"post","link":"https:\/\/www.radioluna.it\/news\/2018\/02\/porcari-leu-acqua-pubblica-sanita-rafforzata-e-welfare-condiviso\/","title":{"rendered":"Porcari (LeU): &#8220;Acqua pubblica, sanit\u00e0 rafforzata e welfare condiviso&#8221;"},"content":{"rendered":"<div id=\"fb-root\"><\/div>\n<p style=\"text-align: justify;\"><strong>LATINA<\/strong> &#8211;\u00a0Acqua pubblica, welfare, sanit\u00e0. Sono questi i\u00a0temi prioritari per il territorio pontino\u00a0che sono nel programma di Liberi e Uguali ed ai quali la Regione Lazio dovr\u00e0 porre la massima attenzione. Infatti l\u2019appoggio di LeU a Zingaretti, siglato poche settimane fa con il candidato premier Pietro Grasso, individua convergenze programmatiche che sanciscono la svolta a sinistra auspicata per il governo nel Lazio e che individua in queste tematiche le basi per una collaborazione.<\/p>\n<p style=\"text-align: justify;\">\u201c\u00c8 un bene che temi cos\u00ec importanti siano largamente condivisi, soprattutto in un\u2019ottica di collaborazione per la realizzazione di servizi efficienti e per la tutela dei beni comuni\u201d, dice\u00a0Fabrizio Porcari che con la sua candidatura in Regione si candida a farsi carico dei progetti e delle istanze del territorio pontino.<\/p>\n<p style=\"text-align: justify;\">\u201cL\u2019acqua deve tornare ad essere una risorsa pubblica\u2013 afferma Fabrizio Porcari \u2013 Il processo verso questo fondamentale passaggio, grazie all\u2019impegno di molti sindaci dei comuni ricadenti nell\u2019Ato 4, \u00e8 stato avviato, ma la strada \u00e8 ancora lunga e servir\u00e0 un impegno concreto e tangibile da parte della Regione Lazio. Riguardo alla\u00a0Sanit\u00e0, la Regione Lazio potr\u00e0 finalmente permettersi di\u00a0tornare ad investire sul pubblico. Finita l\u2019era del\u00a0commissariamento, si apre la strada di una sanit\u00e0 pubblica sempre pi\u00f9 efficiente ed al passo con i tempi. Che non significa soltanto nuove tecnologie, ma anche adeguamento degli ospedali della provincia di Latina ed in particolar modo del Santa Maria Goretti\u201d.<\/p>\n<p style=\"text-align: justify;\">A proposito di\u00a0Welfare, Porcari sostiene\u00a0che sia opportuno dare\u00a0continuit\u00e0\u00a0e piena attuazione alla\u00a0riforma del Welfare\u00a0gi\u00e0 entrata in vigore nel Lazio, promuovendo la partecipazione del Terzo Settore\u00a0e\u00a0dell\u2019associazionismo\u00a0nella\u00a0realizzazione dei progetti sociali promossi dalla Regione.\u00a0La\u00a0creazione di\u00a0un sistema integrato di interventi e servizi,\u00a0attento anche ai bisogni dei soggetti pi\u00f9 fragili,\u00a0deve essere uno dei punti\u00a0fondamentali di attuazione del programma, per\u00a0la promozione dell\u2019uguaglianzae del rispetto dei diritti.<\/p>\n<p style=\"text-align: justify;\">Porcari esprime il proprio apprezzamento per i punti indicati nel documento\u00a0condiviso dalle Civiche Pontine.<\/p>\n","protected":false},"excerpt":{"rendered":"<p>LATINA &#8211;\u00a0Acqua pubblica, welfare, sanit\u00e0. Sono questi i\u00a0temi prioritari per il territorio pontino\u00a0che sono nel programma di Liberi e Uguali ed ai quali la Regione Lazio dovr\u00e0 porre la massima attenzione. Infatti l\u2019appoggio di LeU a Zingaretti, siglato poche settimane fa con il candidato premier Pietro Grasso, individua convergenze programmatiche che sanciscono la svolta a [&hellip;]<\/p>\n","protected":false},"author":60,"featured_media":216141,"comment_status":"open","ping_status":"open","sticky":false,"template":"","format":"standard","meta":{"footnotes":""},"categories":[8],"tags":[],"class_list":["post-216140","post","type-post","status-publish","format-standard","has-post-thumbnail","hentry","category-politica"],"_links":{"self":[{"href":"https:\/\/www.radioluna.it\/news\/wp-json\/wp\/v2\/posts\/216140","targetHints":{"allow":["GET"]}}],"collection":[{"href":"https:\/\/www.radioluna.it\/news\/wp-json\/wp\/v2\/posts"}],"about":[{"href":"https:\/\/www.radioluna.it\/news\/wp-json\/wp\/v2\/types\/post"}],"author":[{"embeddable":true,"href":"https:\/\/www.radioluna.it\/news\/wp-json\/wp\/v2\/users\/60"}],"replies":[{"embeddable":true,"href":"https:\/\/www.radioluna.it\/news\/wp-json\/wp\/v2\/comments?post=216140"}],"version-history":[{"count":0,"href":"https:\/\/www.radioluna.it\/news\/wp-json\/wp\/v2\/posts\/216140\/revisions"}],"wp:featuredmedia":[{"embeddable":true,"href":"https:\/\/www.radioluna.it\/news\/wp-json\/wp\/v2\/media\/216141"}],"wp:attachment":[{"href":"https:\/\/www.radioluna.it\/news\/wp-json\/wp\/v2\/media?parent=216140"}],"wp:term":[{"taxonomy":"category","embeddable":true,"href":"https:\/\/www.radioluna.it\/news\/wp-json\/wp\/v2\/categories?post=216140"},{"taxonomy":"post_tag","embeddable":true,"href":"https:\/\/www.radioluna.it\/news\/wp-json\/wp\/v2\/tags?post=216140"}],"curies":[{"name":"wp","href":"https:\/\/api.w.org\/{rel}","templated":true}]}}