{"id":216177,"date":"2018-02-10T15:36:05","date_gmt":"2018-02-10T14:36:05","guid":{"rendered":"http:\/\/www.radioluna.it\/news\/?p=216177"},"modified":"2018-02-12T17:02:10","modified_gmt":"2018-02-12T16:02:10","slug":"grave-incidente-sulla-pontina-gravissimo-un-giovane","status":"publish","type":"post","link":"https:\/\/www.radioluna.it\/news\/2018\/02\/grave-incidente-sulla-pontina-gravissimo-un-giovane\/","title":{"rendered":"Incidente sulla Pontina, gravissimo un giovane"},"content":{"rendered":"<div id=\"fb-root\"><\/div>\n<p>&nbsp;<\/p>\n<p style=\"text-align: justify;\"><strong>SABAUDIA-<\/strong> Un gravissimo incidente stradale \u00e8 avvenuto oggi poco prima delle 12 sulla Pontina all&#8217;incrocio con la Migliara 47 tra Sabaudia e Pontinia. Per cause in fase di accertamento un&#8217;auto si \u00e8 scontrata con un motorino e il conducente del ciclomotore, un giovane residente nella zona, \u00e8 rimasto gravemente ferito ed \u00e8 stato trasportato con un elicottero del 118 al San Camillo di Roma a causa delle gravissime ferite riportate nell&#8217;impatto. Non \u00e8 stato l&#8217;unico incidente, sempre oggi a Bassiano in via Ninfina un ciclista \u00e8 stato investito da un&#8217;auto\u00a0 ed \u00e8 stato trasportato in elicottero al Santa Maria Goretti di Latina, ha riportato un trauma cranico.<\/p>\n<div class=\"radio-posizionamento-telefono-in-articoli-dopo-il-contenuto-articolo radio-entity-placement\" id=\"radio-619172388\"><div id=\"radio-461138198\" style=\"width: 300px;height: 250px;\"><a href=\"https:\/\/www.icarspa.it\/auto\/usate\/latina\/\" aria-label=\"banner aprile icar new life &#8211; auto usate latina\"><img loading=\"lazy\" decoding=\"async\" src=\"https:\/\/www.radioluna.it\/news\/wp-content\/uploads\/2026\/02\/banner-aprile-icar-new-life-auto-usate-latina.gif\" alt=\"\"  width=\"300\" height=\"250\"   \/><\/a><\/div><\/div>","protected":false},"excerpt":{"rendered":"<p>&nbsp; SABAUDIA- Un gravissimo incidente stradale \u00e8 avvenuto oggi poco prima delle 12 sulla Pontina all&#8217;incrocio con la Migliara 47 tra Sabaudia e Pontinia. Per cause in fase di accertamento un&#8217;auto si \u00e8 scontrata con un motorino e il conducente del ciclomotore, un giovane residente nella zona, \u00e8 rimasto gravemente ferito ed \u00e8 stato trasportato [&hellip;]<\/p>\n","protected":false},"author":60,"featured_media":158677,"comment_status":"open","ping_status":"open","sticky":false,"template":"","format":"standard","meta":{"footnotes":""},"categories":[7],"tags":[],"class_list":["post-216177","post","type-post","status-publish","format-standard","has-post-thumbnail","hentry","category-cronaca"],"_links":{"self":[{"href":"https:\/\/www.radioluna.it\/news\/wp-json\/wp\/v2\/posts\/216177","targetHints":{"allow":["GET"]}}],"collection":[{"href":"https:\/\/www.radioluna.it\/news\/wp-json\/wp\/v2\/posts"}],"about":[{"href":"https:\/\/www.radioluna.it\/news\/wp-json\/wp\/v2\/types\/post"}],"author":[{"embeddable":true,"href":"https:\/\/www.radioluna.it\/news\/wp-json\/wp\/v2\/users\/60"}],"replies":[{"embeddable":true,"href":"https:\/\/www.radioluna.it\/news\/wp-json\/wp\/v2\/comments?post=216177"}],"version-history":[{"count":0,"href":"https:\/\/www.radioluna.it\/news\/wp-json\/wp\/v2\/posts\/216177\/revisions"}],"wp:featuredmedia":[{"embeddable":true,"href":"https:\/\/www.radioluna.it\/news\/wp-json\/wp\/v2\/media\/158677"}],"wp:attachment":[{"href":"https:\/\/www.radioluna.it\/news\/wp-json\/wp\/v2\/media?parent=216177"}],"wp:term":[{"taxonomy":"category","embeddable":true,"href":"https:\/\/www.radioluna.it\/news\/wp-json\/wp\/v2\/categories?post=216177"},{"taxonomy":"post_tag","embeddable":true,"href":"https:\/\/www.radioluna.it\/news\/wp-json\/wp\/v2\/tags?post=216177"}],"curies":[{"name":"wp","href":"https:\/\/api.w.org\/{rel}","templated":true}]}}