{"id":216181,"date":"2018-02-10T17:15:06","date_gmt":"2018-02-10T16:15:06","guid":{"rendered":"http:\/\/www.radioluna.it\/news\/?p=216181"},"modified":"2018-02-10T17:15:06","modified_gmt":"2018-02-10T16:15:06","slug":"coletta-ecco-perche-voto-zingaretti","status":"publish","type":"post","link":"https:\/\/www.radioluna.it\/news\/2018\/02\/coletta-ecco-perche-voto-zingaretti\/","title":{"rendered":"Coletta: &#8220;Ecco perch\u00e9 voto Zingaretti&#8221;"},"content":{"rendered":"<div id=\"fb-root\"><\/div>\n<p style=\"text-align: justify; padding-left: 30px;\">LATINA &#8211; A tre settimane dal voto, il sindaco di Latina Damiano Coletta decide di dire la sua.sulle elezioni regionali e sposa la linea Zingaretti. In una nota, perch\u00e9.\u00a0 \u00a0 \u00a0 \u00a0 \u00a0 \u00a0 \u00a0 \u00a0 \u00a0 \u00a0 \u00a0 \u00a0 \u00a0 <img loading=\"lazy\" decoding=\"async\" class=\"aligncenter size-full wp-image-214144\" src=\"http:\/\/www.radioluna.it\/news\/wp-content\/uploads\/2018\/01\/damiano-coletta.jpg\" alt=\"\" width=\"1200\" height=\"799\" srcset=\"https:\/\/www.radioluna.it\/news\/wp-content\/uploads\/2018\/01\/damiano-coletta.jpg 1200w, https:\/\/www.radioluna.it\/news\/wp-content\/uploads\/2018\/01\/damiano-coletta-300x200.jpg 300w, https:\/\/www.radioluna.it\/news\/wp-content\/uploads\/2018\/01\/damiano-coletta-768x511.jpg 768w, https:\/\/www.radioluna.it\/news\/wp-content\/uploads\/2018\/01\/damiano-coletta-1024x682.jpg 1024w, https:\/\/www.radioluna.it\/news\/wp-content\/uploads\/2018\/01\/damiano-coletta-500x333.jpg 500w, https:\/\/www.radioluna.it\/news\/wp-content\/uploads\/2018\/01\/damiano-coletta-600x400.jpg 600w, https:\/\/www.radioluna.it\/news\/wp-content\/uploads\/2018\/01\/damiano-coletta-270x180.jpg 270w\" sizes=\"auto, (max-width: 1200px) 100vw, 1200px\" \/>LA NOTA &#8211; Come \u00e8 noto, nell\u2019assemblea di dicembre di LBC, il Movimento ha scelto una posizione autonoma rispetto a quella dei partiti \u201ctradizionali\u201d e di perseguire il suo progetto politico insieme alle Civiche Pontine.<br \/>\nE\u2019 evidente che il Movimento alla guida della seconda citt\u00e0 del Lazio, Capoluogo che vuole porsi come vol\u00e0no per il rilancio dell\u2019intera provincia, non poteva rimanere indifferente ad un importante appuntamento elettorale quale quello delle Amministrative Regionali.<br \/>\nInfatti, dopo un adeguato confronto con le Amministrazioni e gli altri Movimenti civici del territorio rappresentati nella rete delle Civiche Pontine, raccolte tutte le criticit\u00e0, le esigenze e le proposte espresse dai partecipanti, \u00e8 stato elaborato un documento programmatico da proporre e condividere con quanti ritengono di poter dare un volto nuovo alla politica.<br \/>\nPer quanto riguarda la mia personale posizione, da libero cittadino che ha il diritto-dovere di votare i propri rappresentanti ma anche e a maggior ragione in base alla mia attuale esperienza amministrativa, voglio esprimere la mia decisione di sostenere la candidatura per la riconferma del Presidente uscente Nicola Zingaretti.<br \/>\nNon \u00e8 una decisione estemporanea n\u00e9 \u201cideologica\u201d, ma scaturisce dall\u2019attenzione, anche nella mia veste di Sindaco, per l\u2019azione di questa Amministrazione Regionale, che si \u00e8 trovata a gestire una eredit\u00e0 debitoria pesantissima, dalla quale per\u00f2 \u00e8 riuscita a riemergere: in alcuni casi, come per il COTRAL, producendo un consistente attivo che \u00e8 stato reinvestito nell\u2019acquisto di un gran numero di nuovi mezzi; in altri, come la Sanit\u00e0, operando grandi tagli e ridimensionamenti che di sicuro hanno prodotto anche disagi, ma che consentiranno finalmente di ripartire in modo adeguato per dotare la nostra Provincia di un servizio sanitario commisurato ad una realt\u00e0 con una popolazione di circa 600.000 abitanti che nel periodo estivo diventa di circa 2 milioni. Primo step necessario \u00e8 il riconoscimento di DEA di II livello dell\u2019Ospedale S.M. Goretti con il progressivo incremento di risorse economiche, professionali, tecnologiche e strutturali funzionali al fabbisogno dell\u2019utenza.<br \/>\nCi sono poi temi che hanno un impatto determinante per il nostro territorio, meritevoli di risposte sostanziali sia di tipo politico che strategico, sui quali \u00e8 gi\u00e0 stata posta attenzione: la pubblicizzazione della gestione del servizio idrico, la politica del welfare che gi\u00e0 si \u00e8 messa sulla buona strada grazie alla creazione di un sistema integrato degli interventi e grazie all\u2019approvazione del Piano Sociale Regionale, il Piano dei Rifiuti con l\u2019obiettivo di un ATO provinciale utile per consentire una ottimizzazione delle risorse riguardo gli impianti di smaltimento, con la definitiva gestione post-mortem della discarica di Borgo Montello ed il riconoscimento di un ristoro per i residenti intorno alla discarica che hanno subito un deprezzamento del valore dei loro immobili e, soprattutto, un depauperamento della loro qualit\u00e0 di vita.<br \/>\nSi parla semplicemente di Bene Comune.<br \/>\nIo ritengo che l\u2019indirizzo complessivo dato dal Presidente Nicola Zingaretti sia stato quello giusto, per cui auspico la sua riconferma per arrivare alla conclusione dei tanti progetti che sono stati avviati, nell\u2019interesse di tutta la Regione e del nostro territorio in particolare.<br \/>\nDamiano Coletta<\/p>\n","protected":false},"excerpt":{"rendered":"<p>LATINA &#8211; A tre settimane dal voto, il sindaco di Latina Damiano Coletta decide di dire la sua.sulle elezioni regionali e sposa la linea Zingaretti. In una nota, perch\u00e9.\u00a0 \u00a0 \u00a0 \u00a0 \u00a0 \u00a0 \u00a0 \u00a0 \u00a0 \u00a0 \u00a0 \u00a0 \u00a0 LA NOTA &#8211; Come \u00e8 noto, nell\u2019assemblea di dicembre di LBC, il Movimento ha [&hellip;]<\/p>\n","protected":false},"author":62,"featured_media":0,"comment_status":"open","ping_status":"open","sticky":false,"template":"","format":"standard","meta":{"footnotes":""},"categories":[8],"tags":[],"class_list":["post-216181","post","type-post","status-publish","format-standard","hentry","category-politica"],"_links":{"self":[{"href":"https:\/\/www.radioluna.it\/news\/wp-json\/wp\/v2\/posts\/216181","targetHints":{"allow":["GET"]}}],"collection":[{"href":"https:\/\/www.radioluna.it\/news\/wp-json\/wp\/v2\/posts"}],"about":[{"href":"https:\/\/www.radioluna.it\/news\/wp-json\/wp\/v2\/types\/post"}],"author":[{"embeddable":true,"href":"https:\/\/www.radioluna.it\/news\/wp-json\/wp\/v2\/users\/62"}],"replies":[{"embeddable":true,"href":"https:\/\/www.radioluna.it\/news\/wp-json\/wp\/v2\/comments?post=216181"}],"version-history":[{"count":0,"href":"https:\/\/www.radioluna.it\/news\/wp-json\/wp\/v2\/posts\/216181\/revisions"}],"wp:attachment":[{"href":"https:\/\/www.radioluna.it\/news\/wp-json\/wp\/v2\/media?parent=216181"}],"wp:term":[{"taxonomy":"category","embeddable":true,"href":"https:\/\/www.radioluna.it\/news\/wp-json\/wp\/v2\/categories?post=216181"},{"taxonomy":"post_tag","embeddable":true,"href":"https:\/\/www.radioluna.it\/news\/wp-json\/wp\/v2\/tags?post=216181"}],"curies":[{"name":"wp","href":"https:\/\/api.w.org\/{rel}","templated":true}]}}