{"id":216196,"date":"2018-02-11T09:21:37","date_gmt":"2018-02-11T08:21:37","guid":{"rendered":"http:\/\/www.radioluna.it\/news\/?p=216196"},"modified":"2018-02-14T16:41:17","modified_gmt":"2018-02-14T15:41:17","slug":"vandalizzata-e-gia-ripulita-la-stele-intitolata-a-norma-cossetto","status":"publish","type":"post","link":"https:\/\/www.radioluna.it\/news\/2018\/02\/vandalizzata-e-gia-ripulita-la-stele-intitolata-a-norma-cossetto\/","title":{"rendered":"Latina, vandalizzata e subito ripulita la stele intitolata a Norma Cossetto"},"content":{"rendered":"<div id=\"fb-root\"><\/div>\n<p><img loading=\"lazy\" decoding=\"async\" class=\"aligncenter size-full wp-image-216207\" src=\"http:\/\/www.radioluna.it\/news\/wp-content\/uploads\/2018\/02\/IMG-20180211-WA0006.jpg\" alt=\"\" width=\"1599\" height=\"899\" srcset=\"https:\/\/www.radioluna.it\/news\/wp-content\/uploads\/2018\/02\/IMG-20180211-WA0006.jpg 1599w, https:\/\/www.radioluna.it\/news\/wp-content\/uploads\/2018\/02\/IMG-20180211-WA0006-300x169.jpg 300w, https:\/\/www.radioluna.it\/news\/wp-content\/uploads\/2018\/02\/IMG-20180211-WA0006-768x432.jpg 768w, https:\/\/www.radioluna.it\/news\/wp-content\/uploads\/2018\/02\/IMG-20180211-WA0006-1024x576.jpg 1024w, https:\/\/www.radioluna.it\/news\/wp-content\/uploads\/2018\/02\/IMG-20180211-WA0006-500x281.jpg 500w\" sizes=\"auto, (max-width: 1599px) 100vw, 1599px\" \/><\/p>\n<p style=\"text-align: justify;\"><strong>LATINA<\/strong> &#8211; Dopo il raid notturno e&#8217; stata subito\u00a0 ripulita la stele del giardino di via Cimarosa in Q4 intitolata alla ragazza e martire delle foibe Norma Cossetto. Era stata vandalizzata a poche ore dall&#8217;inaugurazione avvenuta sabato, ma era anche protetta da un trattamento antiimbrattamento che ha consentito di pulirla facilmente a differenza dei monumenti del centro di Latina sporcati con la vernice spray due settimane fa.<\/p>\n<p style=\"text-align: justify;\">&#8220;La lastra era stata pre-trattata con idrorepellente &#8211; spiega il presidente della commissione cultura Fabio D&#8217;Achille &#8211;\u00a0 Il Comune ringrazia Damiani Marmi SRL per la donazione della stele e per il celere ripristino che ha consentito a tanti cittadini intervenuti durante il restauro di godere della bellezza della pietra rosa Asiago!&#8221;<\/p>\n<p style=\"text-align: justify;\">La firma dei vandali di turno \u00e8 apparsa ancora pi\u00f9\u00a0 deturpante non solo perch\u00e9 vergata su un bene collettivo ma soprattutto per il significato di quel monumento alla memoria nato per\u00a0 rendere omaggio ad una donna torturata, violentata e uccisa. E per non dimenticare gli errori fatti.<\/p>\n<p style=\"text-align: justify;\">&#8220;Posso dire che il mondo \u00e8 ancora pieno di stupidi e nella nostra citt\u00e0 questa ne \u00e8 la dimostrazione. Vedremo di porre per l&#8217;ennesima volta rimedio. Sicuramente dobbiamo potenziare i controlli ma non possiamo mettere la citt\u00e0 sotto presidio totale- commenta il sindaco Damiano Coletta- . Il lavoro pi\u00f9 lungo \u00e8 di tipo culturale per far s\u00ec che queste menti ignobili vadano isolate. Che siano quattro stupidi ragazzini o degli stupidi adulti la realt\u00e0 \u00e8 che sono semplicemente stupidi. Andrebbero isolati ed educati alla civilt\u00e0 ed al senso della vergogna&#8221;.<\/p>\n<p>Le telecamere di videosorveglianza del quartiere q4 potrebbero ora aiutare gli investigatori a rintracciare gli autori del danneggiamento di beni pubblici.<\/p>\n<blockquote>\n<p style=\"text-align: justify;\">\n<\/blockquote>\n<div class=\"radio-posizionamento-telefono-in-articoli-dopo-il-contenuto-articolo radio-entity-placement\" id=\"radio-3531083617\"><div id=\"radio-237566940\"><a href=\"https:\/\/www.simeoneceramiche.com\/\" aria-label=\"SIMEONE CERAMICHE GIF animata per radioluna_Tavola disegno 1 copia 2 (online-video-cutter.com)\"><img loading=\"lazy\" decoding=\"async\" src=\"https:\/\/www.radioluna.it\/news\/wp-content\/uploads\/2025\/05\/SIMEONE-CERAMICHE-GIF-animata-per-radioluna_Tavola-disegno-1-copia-2-online-video-cutter.com_.gif\" alt=\"\"  width=\"300\" height=\"250\"   \/><\/a><\/div><\/div>","protected":false},"excerpt":{"rendered":"<p>LATINA &#8211; Dopo il raid notturno e&#8217; stata subito\u00a0 ripulita la stele del giardino di via Cimarosa in Q4 intitolata alla ragazza e martire delle foibe Norma Cossetto. Era stata vandalizzata a poche ore dall&#8217;inaugurazione avvenuta sabato, ma era anche protetta da un trattamento antiimbrattamento che ha consentito di pulirla facilmente a differenza dei monumenti [&hellip;]<\/p>\n","protected":false},"author":62,"featured_media":216203,"comment_status":"open","ping_status":"open","sticky":false,"template":"","format":"standard","meta":{"footnotes":""},"categories":[7],"tags":[],"class_list":["post-216196","post","type-post","status-publish","format-standard","has-post-thumbnail","hentry","category-cronaca"],"_links":{"self":[{"href":"https:\/\/www.radioluna.it\/news\/wp-json\/wp\/v2\/posts\/216196","targetHints":{"allow":["GET"]}}],"collection":[{"href":"https:\/\/www.radioluna.it\/news\/wp-json\/wp\/v2\/posts"}],"about":[{"href":"https:\/\/www.radioluna.it\/news\/wp-json\/wp\/v2\/types\/post"}],"author":[{"embeddable":true,"href":"https:\/\/www.radioluna.it\/news\/wp-json\/wp\/v2\/users\/62"}],"replies":[{"embeddable":true,"href":"https:\/\/www.radioluna.it\/news\/wp-json\/wp\/v2\/comments?post=216196"}],"version-history":[{"count":0,"href":"https:\/\/www.radioluna.it\/news\/wp-json\/wp\/v2\/posts\/216196\/revisions"}],"wp:featuredmedia":[{"embeddable":true,"href":"https:\/\/www.radioluna.it\/news\/wp-json\/wp\/v2\/media\/216203"}],"wp:attachment":[{"href":"https:\/\/www.radioluna.it\/news\/wp-json\/wp\/v2\/media?parent=216196"}],"wp:term":[{"taxonomy":"category","embeddable":true,"href":"https:\/\/www.radioluna.it\/news\/wp-json\/wp\/v2\/categories?post=216196"},{"taxonomy":"post_tag","embeddable":true,"href":"https:\/\/www.radioluna.it\/news\/wp-json\/wp\/v2\/tags?post=216196"}],"curies":[{"name":"wp","href":"https:\/\/api.w.org\/{rel}","templated":true}]}}