{"id":216243,"date":"2018-02-12T08:23:12","date_gmt":"2018-02-12T07:23:12","guid":{"rendered":"http:\/\/www.radioluna.it\/news\/?p=216243"},"modified":"2018-02-12T08:23:12","modified_gmt":"2018-02-12T07:23:12","slug":"matteo-renzi-a-latina","status":"publish","type":"post","link":"https:\/\/www.radioluna.it\/news\/2018\/02\/matteo-renzi-a-latina\/","title":{"rendered":"Matteo Renzi a Latina"},"content":{"rendered":"<div id=\"fb-root\"><\/div>\n<p style=\"text-align: justify;\"><strong>LATINA<\/strong> &#8211; In piena campagna elettorale, arriva a Latina il segretario del Pd Matteo Renzi per lanciare i candidati pontini alle regionali e alle politiche. L&#8217;appuntamento \u00e8 per marted\u00ec alle 18 al teatro Moderno di Via Sisto V per un incontro pubblico organizzato dal Pd Latina. Ne d\u00e0 notizia il senatore uscente Claudio Moscardelli.<\/p>\n","protected":false},"excerpt":{"rendered":"<p>LATINA &#8211; In piena campagna elettorale, arriva a Latina il segretario del Pd Matteo Renzi per lanciare i candidati pontini alle regionali e alle politiche. L&#8217;appuntamento \u00e8 per marted\u00ec alle 18 al teatro Moderno di Via Sisto V per un incontro pubblico organizzato dal Pd Latina. Ne d\u00e0 notizia il senatore uscente Claudio Moscardelli.<\/p>\n","protected":false},"author":60,"featured_media":184651,"comment_status":"open","ping_status":"open","sticky":false,"template":"","format":"standard","meta":{"footnotes":""},"categories":[8],"tags":[],"class_list":["post-216243","post","type-post","status-publish","format-standard","has-post-thumbnail","hentry","category-politica"],"_links":{"self":[{"href":"https:\/\/www.radioluna.it\/news\/wp-json\/wp\/v2\/posts\/216243","targetHints":{"allow":["GET"]}}],"collection":[{"href":"https:\/\/www.radioluna.it\/news\/wp-json\/wp\/v2\/posts"}],"about":[{"href":"https:\/\/www.radioluna.it\/news\/wp-json\/wp\/v2\/types\/post"}],"author":[{"embeddable":true,"href":"https:\/\/www.radioluna.it\/news\/wp-json\/wp\/v2\/users\/60"}],"replies":[{"embeddable":true,"href":"https:\/\/www.radioluna.it\/news\/wp-json\/wp\/v2\/comments?post=216243"}],"version-history":[{"count":0,"href":"https:\/\/www.radioluna.it\/news\/wp-json\/wp\/v2\/posts\/216243\/revisions"}],"wp:featuredmedia":[{"embeddable":true,"href":"https:\/\/www.radioluna.it\/news\/wp-json\/wp\/v2\/media\/184651"}],"wp:attachment":[{"href":"https:\/\/www.radioluna.it\/news\/wp-json\/wp\/v2\/media?parent=216243"}],"wp:term":[{"taxonomy":"category","embeddable":true,"href":"https:\/\/www.radioluna.it\/news\/wp-json\/wp\/v2\/categories?post=216243"},{"taxonomy":"post_tag","embeddable":true,"href":"https:\/\/www.radioluna.it\/news\/wp-json\/wp\/v2\/tags?post=216243"}],"curies":[{"name":"wp","href":"https:\/\/api.w.org\/{rel}","templated":true}]}}