{"id":216247,"date":"2018-02-12T08:41:42","date_gmt":"2018-02-12T07:41:42","guid":{"rendered":"http:\/\/www.radioluna.it\/news\/?p=216247"},"modified":"2018-02-12T08:41:42","modified_gmt":"2018-02-12T07:41:42","slug":"celentano-e-marchilella-presentazione-allhotel-europa","status":"publish","type":"post","link":"https:\/\/www.radioluna.it\/news\/2018\/02\/celentano-e-marchilella-presentazione-allhotel-europa\/","title":{"rendered":"Celentano e Marchilella presentazione all&#8217;Hotel Europa"},"content":{"rendered":"<div id=\"fb-root\"><\/div>\n<p style=\"text-align: justify;\"><strong>LATINA<\/strong> &#8211; All&#8217;Hotel Europa di Latina la presentazione ufficiale della candidatura alla Regione Lazio di Matilde Celentano, consigliera comunale di Latina di Fratelli d\u2019Italia e di Andrea Marchiella.<\/p>\n<p style=\"text-align: justify;\">Matilde Celentano, medico chirurgo specializzato in medicina fisica e riabilitativa e Dirigente medico della Asl di Latina, da anni si occupa del settore socio sanitario, sull\u2019intero territorio provinciale.\u00a0 Disability Manager, \u00a0Piani di Eliminazione delle Barriere Architettoniche, defibrillatori tra le mozioni presentate al consiglio comunale di Latina, ed\u00a0\u00e8 proprio sulla sanit\u00e0 che \u00e8 stato incentrato il suo intervento\u00a0 e soprattutto sulla situazione drammatica del pronto soccorso del Santa Maria Goretti che \u00e8 ormai al collasso. Matilde Celentano ha sottolineato che l\u201980% del budget della Regione Lazio \u00e8 destinato proprio alla sanit\u00e0 e che non \u00e8 accettabile che tra punti di primo intervento chiusi e posti letti dimezzati Latina e la sua provincia non riescano a fornire un\u2019assistenza dignitosa ai propri cittadini che, soprattutto nei casi pi\u00f9 urgenti e gravi, devono essere trasferiti a Roma.<\/p>\n<p style=\"text-align: justify;\">Anche Marchiella si \u00e8 espresso sul Goretti in tilt: &#8220;Gli interminabili tempi d\u2019attesa sono la nota pi\u00f9 dolente di una struttura a dir poco sovraffollata. Servono per\u00f2 delle proposte concrete e fattibili, che portino a quelle soluzioni che l\u2019attuale gestione non \u00e8 riuscita ad individuare&#8221;. Per il consigliere comunale nel capoluogo candidato al consiglio regionale nella lista di Fratelli d\u2019Italia: \u201cIl dato di fatto \u00e8 che sono stati tagliati i posti letto ma non sono state create delle alternative. Il Goretti dovrebbe essere un Dea di secondo livello a tutti gli effetti, ma per ottenere una riduzione degli accessi andrebbe supportato dalle strutture sanitarie presenti sul territorio. E\u2019 proprio questo il passaggio che non si \u00e8 riusciti a cogliere negli ultimi anni,\u00a0a differenza di quanto hanno fatto alcune Regioni virtuose: i codici bianchi e verdi e i pazienti con patologie croniche rappresentano l\u201980% dell\u2019utenza e andrebbero gestiti dai medici di base, dall\u2019assistenza domiciliare, dalle Case della Salute. La nostra idea di riorganizzazione parte allora da una piena sinergia tra i vari operatori e tra le svariate entit\u00e0 territoriali: riattiviamo gli ambulatori in provincia e nei piccoli centri, e allo stesso tempo consegniamo ai medici un nuovo ruolo, con la preziosa funzione di filtrare e indirizzare i singoli casi\u201d.<\/p>\n","protected":false},"excerpt":{"rendered":"<p>LATINA &#8211; All&#8217;Hotel Europa di Latina la presentazione ufficiale della candidatura alla Regione Lazio di Matilde Celentano, consigliera comunale di Latina di Fratelli d\u2019Italia e di Andrea Marchiella. Matilde Celentano, medico chirurgo specializzato in medicina fisica e riabilitativa e Dirigente medico della Asl di Latina, da anni si occupa del settore socio sanitario, sull\u2019intero territorio [&hellip;]<\/p>\n","protected":false},"author":60,"featured_media":216248,"comment_status":"open","ping_status":"open","sticky":false,"template":"","format":"standard","meta":{"footnotes":""},"categories":[8],"tags":[],"class_list":["post-216247","post","type-post","status-publish","format-standard","has-post-thumbnail","hentry","category-politica"],"_links":{"self":[{"href":"https:\/\/www.radioluna.it\/news\/wp-json\/wp\/v2\/posts\/216247","targetHints":{"allow":["GET"]}}],"collection":[{"href":"https:\/\/www.radioluna.it\/news\/wp-json\/wp\/v2\/posts"}],"about":[{"href":"https:\/\/www.radioluna.it\/news\/wp-json\/wp\/v2\/types\/post"}],"author":[{"embeddable":true,"href":"https:\/\/www.radioluna.it\/news\/wp-json\/wp\/v2\/users\/60"}],"replies":[{"embeddable":true,"href":"https:\/\/www.radioluna.it\/news\/wp-json\/wp\/v2\/comments?post=216247"}],"version-history":[{"count":0,"href":"https:\/\/www.radioluna.it\/news\/wp-json\/wp\/v2\/posts\/216247\/revisions"}],"wp:featuredmedia":[{"embeddable":true,"href":"https:\/\/www.radioluna.it\/news\/wp-json\/wp\/v2\/media\/216248"}],"wp:attachment":[{"href":"https:\/\/www.radioluna.it\/news\/wp-json\/wp\/v2\/media?parent=216247"}],"wp:term":[{"taxonomy":"category","embeddable":true,"href":"https:\/\/www.radioluna.it\/news\/wp-json\/wp\/v2\/categories?post=216247"},{"taxonomy":"post_tag","embeddable":true,"href":"https:\/\/www.radioluna.it\/news\/wp-json\/wp\/v2\/tags?post=216247"}],"curies":[{"name":"wp","href":"https:\/\/api.w.org\/{rel}","templated":true}]}}