{"id":216317,"date":"2018-02-12T12:41:16","date_gmt":"2018-02-12T11:41:16","guid":{"rendered":"http:\/\/www.radioluna.it\/news\/?p=216317"},"modified":"2018-02-12T12:41:16","modified_gmt":"2018-02-12T11:41:16","slug":"enrico-tiero-carnevale-senza-carri-occasione-persa","status":"publish","type":"post","link":"https:\/\/www.radioluna.it\/news\/2018\/02\/enrico-tiero-carnevale-senza-carri-occasione-persa\/","title":{"rendered":"Enrico Tiero: &#8220;Carnevale senza carri, occasione persa&#8221;"},"content":{"rendered":"<div id=\"fb-root\"><\/div>\n<p style=\"text-align: justify;\"><strong>LATINA<\/strong> &#8211;\u00a0\u201cLatina nel corso degli anni si \u00e8 stretta attorno al Carnevale. Nel tempo, faticosamente, si \u00e8 inventato anche un suo simbolo, il Cigno, e poi una sua maschera, Pontinello, addirittura l\u2019assessore al turismo Gianluca Di Cocco, tra lo scetticismo generale, promosse per due anni consecutivi il Carnevale estivo ispirandosi a quello che avveniva in altre localit\u00e0 balneari pi\u00f9 famose: ebbene tra lo stupore generale quei due eventi \u2018fuori stagione\u2019 furono accolti con grande entusiasmo, testimoniati dalla presenza di oltre 20mila persone, chiaramente non tutte del capoluogo. Era un modo per (ri)lanciare anche il turismo lungo Latina Lido.<\/p>\n<p style=\"text-align: justify;\">Nel tempo abbiamo faticosamente cercato di creare un appeal turistico a questa citt\u00e0, dalla monumentalit\u00e0 dell\u2019architettura razionalista a eventi che il calendario ti impone: e il Carnevale era tra questi. Ebbene, oggi cosa fa l\u2019amministrazione Coletta? Boccia (per non dire boicotta, perch\u00e9 questo resta il termine pi\u00f9 appropriato quando non si vogliono trovare soluzioni e si disattendono le tradizioni) per due anni di fila una festa calendarizzata (e quindi anche facile da coordinare e pianificare: basta a volte la semplice buona volont\u00e0), impedendone la sfilata dei carri, che \u00e8 il momento di massima esaltazione per grandi e bambini, quindi per famiglie. E s\u00ec, perch\u00e9 non basta annunciare che il giorno X ci sar\u00e0 la festa di Carnevale in piazza, la vera festa come ci insegnano localit\u00e0 pi\u00f9 famose (dallo sfarzoso Carnevale veneziano a quello pi\u00f9 prosaico di Viareggio o a quello pi\u00f9 originale di Ivrea) resta la sfilata dei carri allegorici: una citt\u00e0 triste, rassegnata e depressa, cos\u00ec come ecco in cosa si \u00e8 trasformato il Carnevale di Latina, senza carri, senza quel fantasioso caos col traffico impazzito che precedeva la sfilata e la citt\u00e0 per un pomeriggio alla merc\u00e8 di ragazzini entusiasti e di gente che proveniva fuori citt\u00e0 per una giornata di sana festa.<\/p>\n<p style=\"text-align: justify;\">Non \u00e8 un\u2019affermazione grottesca, ma Latina continua a perdere opportunit\u00e0 su opportunit\u00e0 per farsi conoscere al di l\u00e0 della via Appia: prima il Carnevale estivo dileggiato a pi\u00f9 riprese da Lbc pur contando il suo successo oggettivo (va ricordato a questi signori amministratori che una citt\u00e0 si governa anche andando incontro ai gusti della popolazione, non sp\u2019osando solo gli esclusivi propri) poi l\u2019annullamento per due anni di fila delle sfilate dei carri. Latina non vuole essere trasformata in una citt\u00e0 grigia come la sta forgiando Coletta e la sua giunta. Latina merita di risorgere, convogliando persone anche al di fuori della circonvallazione. E l\u2019allegria del Carnevale ne \u00e8 una chiara occasione, ancora una volta purtroppo disattesa\u201d.<\/p>\n<p>&nbsp;<\/p>\n","protected":false},"excerpt":{"rendered":"<p>LATINA &#8211;\u00a0\u201cLatina nel corso degli anni si \u00e8 stretta attorno al Carnevale. Nel tempo, faticosamente, si \u00e8 inventato anche un suo simbolo, il Cigno, e poi una sua maschera, Pontinello, addirittura l\u2019assessore al turismo Gianluca Di Cocco, tra lo scetticismo generale, promosse per due anni consecutivi il Carnevale estivo ispirandosi a quello che avveniva in [&hellip;]<\/p>\n","protected":false},"author":60,"featured_media":0,"comment_status":"open","ping_status":"open","sticky":false,"template":"","format":"standard","meta":{"footnotes":""},"categories":[8],"tags":[],"class_list":["post-216317","post","type-post","status-publish","format-standard","hentry","category-politica"],"_links":{"self":[{"href":"https:\/\/www.radioluna.it\/news\/wp-json\/wp\/v2\/posts\/216317","targetHints":{"allow":["GET"]}}],"collection":[{"href":"https:\/\/www.radioluna.it\/news\/wp-json\/wp\/v2\/posts"}],"about":[{"href":"https:\/\/www.radioluna.it\/news\/wp-json\/wp\/v2\/types\/post"}],"author":[{"embeddable":true,"href":"https:\/\/www.radioluna.it\/news\/wp-json\/wp\/v2\/users\/60"}],"replies":[{"embeddable":true,"href":"https:\/\/www.radioluna.it\/news\/wp-json\/wp\/v2\/comments?post=216317"}],"version-history":[{"count":0,"href":"https:\/\/www.radioluna.it\/news\/wp-json\/wp\/v2\/posts\/216317\/revisions"}],"wp:attachment":[{"href":"https:\/\/www.radioluna.it\/news\/wp-json\/wp\/v2\/media?parent=216317"}],"wp:term":[{"taxonomy":"category","embeddable":true,"href":"https:\/\/www.radioluna.it\/news\/wp-json\/wp\/v2\/categories?post=216317"},{"taxonomy":"post_tag","embeddable":true,"href":"https:\/\/www.radioluna.it\/news\/wp-json\/wp\/v2\/tags?post=216317"}],"curies":[{"name":"wp","href":"https:\/\/api.w.org\/{rel}","templated":true}]}}