{"id":216372,"date":"2018-02-13T09:35:35","date_gmt":"2018-02-13T08:35:35","guid":{"rendered":"http:\/\/www.radioluna.it\/news\/?p=216372"},"modified":"2018-02-14T04:06:53","modified_gmt":"2018-02-14T03:06:53","slug":"novita-al-goretti-arriva-dal-san-camillo-il-neurochirurgo-agazio-menniti","status":"publish","type":"post","link":"https:\/\/www.radioluna.it\/news\/2018\/02\/novita-al-goretti-arriva-dal-san-camillo-il-neurochirurgo-agazio-menniti\/","title":{"rendered":"Novit\u00e0 al Goretti, arriva dal San Camillo il neurochirurgo Agazio Menniti"},"content":{"rendered":"<div id=\"fb-root\"><\/div>\n<p style=\"text-align: justify;\"><strong>LATINA<\/strong> &#8211;\u00a0 La decisione \u00e8 presa: arriver\u00e0 dal San Camillo di Roma per il tempo necessario a preparare e svolgere il nuovo concorso, il dirigente di neurochirurgia del Goretti di Latina. Dopo l&#8217;addio di Carmine Franco, il primario indagato per abusi nello svolgimento della professione, dimessosi in seguito all&#8217;inchiesta della Procura della Repubblica di Latina, il manager della Asl Giorgio Casati ha firmato la delibera con cui si formalizza un accordo con il grande nosocomio romano con cui si\u00a0individua in Agazio Menniti, il professionista che svolger\u00e0 le funzioni prima affidate a Franco. Si evita cos\u00ec il blocco delle attivit\u00e0 e si garantiscono i Lea essenziali del reparto nel quale attualmente lavorano solo dirigenti a tempo determinato &#8220;per i quali sono in corso le procedure di stabilizzazione&#8221;.<\/p>\n<p style=\"text-align: justify;\">Lo specialista arriver\u00e0 dunque con un comando dall&#8217;azienda San Camillo-Forlanini (centro di riferimento aziendale per la neurochirurgia) e rester\u00e0 in servizio a Latina &#8220;per il tempo strettamente richiesto&#8221; per l&#8217;espletamento del concorso necessario\u00a0 &#8211; si legge nella delibera pubblicata sull&#8217;Albo Pretorio della Asl di Latina. Attraverso l&#8217;intesa \u00e8 stata formalizzata anche la possibilit\u00e0 per i dirigenti della stessa Unit\u00e0 del Goretti, di svolgere training formativi\u00a0 al San Camilllo &#8220;allo scopo di acquisire ulteriore qualificazione personale, ai fini del miglioramento dell&#8217;assistenza&#8221;.<\/p>\n<p style=\"text-align: justify;\">Intanto \u00e8 stata avviata la procedura per l&#8217;affidamento dell&#8217;incarico quinquennale di dirigente della Uoc di Neurochirurgia mediante avviso pubblico per titoli ed esami.<\/p>\n<p>&nbsp;<\/p>\n<div class=\"radio-posizionamento-telefono-in-articoli-dopo-il-contenuto-articolo radio-entity-placement\" id=\"radio-942592367\"><div id=\"radio-1030581635\"><a href=\"https:\/\/www.simeoneceramiche.com\/\" aria-label=\"SIMEONE CERAMICHE GIF animata per radioluna_Tavola disegno 1 copia 2 (online-video-cutter.com)\"><img loading=\"lazy\" decoding=\"async\" src=\"https:\/\/www.radioluna.it\/news\/wp-content\/uploads\/2025\/05\/SIMEONE-CERAMICHE-GIF-animata-per-radioluna_Tavola-disegno-1-copia-2-online-video-cutter.com_.gif\" alt=\"\"  width=\"300\" height=\"250\"   \/><\/a><\/div><\/div>","protected":false},"excerpt":{"rendered":"<p>LATINA &#8211;\u00a0 La decisione \u00e8 presa: arriver\u00e0 dal San Camillo di Roma per il tempo necessario a preparare e svolgere il nuovo concorso, il dirigente di neurochirurgia del Goretti di Latina. Dopo l&#8217;addio di Carmine Franco, il primario indagato per abusi nello svolgimento della professione, dimessosi in seguito all&#8217;inchiesta della Procura della Repubblica di Latina, [&hellip;]<\/p>\n","protected":false},"author":62,"featured_media":212851,"comment_status":"open","ping_status":"open","sticky":false,"template":"","format":"standard","meta":{"footnotes":""},"categories":[7],"tags":[],"class_list":["post-216372","post","type-post","status-publish","format-standard","has-post-thumbnail","hentry","category-cronaca"],"_links":{"self":[{"href":"https:\/\/www.radioluna.it\/news\/wp-json\/wp\/v2\/posts\/216372","targetHints":{"allow":["GET"]}}],"collection":[{"href":"https:\/\/www.radioluna.it\/news\/wp-json\/wp\/v2\/posts"}],"about":[{"href":"https:\/\/www.radioluna.it\/news\/wp-json\/wp\/v2\/types\/post"}],"author":[{"embeddable":true,"href":"https:\/\/www.radioluna.it\/news\/wp-json\/wp\/v2\/users\/62"}],"replies":[{"embeddable":true,"href":"https:\/\/www.radioluna.it\/news\/wp-json\/wp\/v2\/comments?post=216372"}],"version-history":[{"count":0,"href":"https:\/\/www.radioluna.it\/news\/wp-json\/wp\/v2\/posts\/216372\/revisions"}],"wp:featuredmedia":[{"embeddable":true,"href":"https:\/\/www.radioluna.it\/news\/wp-json\/wp\/v2\/media\/212851"}],"wp:attachment":[{"href":"https:\/\/www.radioluna.it\/news\/wp-json\/wp\/v2\/media?parent=216372"}],"wp:term":[{"taxonomy":"category","embeddable":true,"href":"https:\/\/www.radioluna.it\/news\/wp-json\/wp\/v2\/categories?post=216372"},{"taxonomy":"post_tag","embeddable":true,"href":"https:\/\/www.radioluna.it\/news\/wp-json\/wp\/v2\/tags?post=216372"}],"curies":[{"name":"wp","href":"https:\/\/api.w.org\/{rel}","templated":true}]}}