{"id":216404,"date":"2018-02-13T14:19:15","date_gmt":"2018-02-13T13:19:15","guid":{"rendered":"http:\/\/www.radioluna.it\/news\/?p=216404"},"modified":"2018-02-13T14:19:15","modified_gmt":"2018-02-13T13:19:15","slug":"san-valentino-polizia-in-campo-per-le-donne-vittime-di-violenza","status":"publish","type":"post","link":"https:\/\/www.radioluna.it\/news\/2018\/02\/san-valentino-polizia-in-campo-per-le-donne-vittime-di-violenza\/","title":{"rendered":"San Valentino, polizia in campo per le donne vittime di violenza"},"content":{"rendered":"<div id=\"fb-root\"><\/div>\n<p style=\"text-align: justify;\"><strong>LATINA<\/strong> &#8211;\u00a0San Valentino per lanciare un segnale di vicinanza alle donne che subiscono violenza e raccogliere il loro grido. Lo far\u00e0 il 14 febbraio la Polizia di Stato con la campagna nazionale \u201c\u2026questo non \u00e8 amore\u201d e con quella locale \u201cIo si che valgo\u201d, con la mobilitazione di personale e dell\u2019associazionismo per favorire momenti d\u2019incontro: &#8220;Il fine \u00e8 rompere l\u2019isolamento e il dolore delle vittime di violenza di genere, offrendo il supporto di un\u2019equipe di operatori specializzati e da rappresentanti dei centri antiviolenza, sollecitando l\u2019emersione del fenomeno&#8221;, spiegano dalla Questura. &#8220;Le violenze, anche verbali e psicologiche, infatti, prodrome di azioni con epiloghi a volte fatali, molto spesso non vengono denunciate, perch\u00e9 perpetrate in un contesto culturale radicato, dove la violenza domestica non \u00e8 sempre avvertita come un crimine dalla stessa vittima&#8221;. per questo uomini e donne della Polizia di Stato\u00a0saranno presenti per informare, consigliare, guidare e sostenere tutte quelle persone che stanno vivendo momenti di difficolt\u00e0.<\/p>\n<p style=\"text-align: justify;\">Fra le varie iniziative la Questura, in collaborazione con la Cooperativa Utopia 2000 onlus, domani, dalle ore 10.00, sar\u00e0 presente presso il Liceo Grassi di Latina, dove incontrer\u00e0 gli studenti, intrattenendoli sui temi del cosiddetto \u201cfemminicidio\u201d, video e testimonianze, in particolare quella di una donna vittima di violenza domestica.<\/p>\n<p style=\"text-align: justify;\">LA CHECKLIST &#8211; &#8220;Oltre alla tutela offerta dalla legge, che va dagli strumenti dell\u2019ammonimento al divieto di avvicinamento fino ai domiciliari e al carcere per i casi pi\u00f9 gravi, la battaglia pi\u00f9 importante si gioca sul campo della prevenzione in cui la Polizia di Stato \u00e8 impegnata 365 giorni l\u2019anno, non solo nel contribuire attraverso l\u2019informazione al superamento di una mentalit\u00e0 di sopraffazione, ma a fare da sentinella per intercettare prima possibile comportamenti violenti e intimidatori &#8211; dicono ancora dalla Questura di Latina &#8211;\u00a0In questa prospettiva si muove l\u2019adozione dall\u2019inizio dell\u2019anno del protocollo E.V.A. (Esame delle Violenze Agite) da parte di tutte le Questure d\u2019Italia. Procedura che consente agli equipaggi di Polizia, chiamati dalle sale operative ad intervenire su casi di violenza domestica, di sapere se ci siano stati altri episodi in passato nello stesso ambito familiare. Tutto questo attraverso una procedura che prevede la compilazione di checklist che, anche in assenza di formali denunce, spesso impedite dalla paura di ancor pi\u00f9 gravi ritorsioni, consentono di tracciare situazioni di disagio con l\u2019obiettivo di tenerle costantemente sotto controllo e procedere all\u2019arresto nei casi di violenza reiterate&#8221;.<\/p>\n<p style=\"text-align: justify;\">In questa ottica il personale della Divisione Anticrimine, per attuare un monitoraggio del fenomeno, valuta con attenzione i cosiddetti \u201creati sentinella\u201d per i quali per poter procedere \u00e8 necessario la querela dell\u2019avente diritto. Gli elementi predittivi di tale fenomeno esistono ed \u00e8 necessario saperli leggere, intervenendo tempestivamente.<\/p>\n<p style=\"text-align: justify;\">LA PREVENZIONE &#8211; Il Questore di Latina Dr. Carmine Belfiore ha avviato dal mese di settembre una serie di progetti che vedono operatori specializzati confrontarsi fra i banchi scolastici con studenti di ogni ordine e grado della provincia, proprio per contrastare il fenomeno, attraverso una rinnovata cultura, anche alla luce delle innovazioni giuridiche introdotte in materia dal legislatore. Il progetto specifico \u201cIo si che valgo\u201d nasce dall\u2019esigenza di contrastare il fenomeno, oltre che sotto il profilo di polizia giudiziaria, anche sotto quello della prevenzione primaria, diretta ai giovani del nostro territorio, in una fascia di et\u00e0 particolarmente sensibile alla strutturazione cognitiva del concetto di rapporto di coppia.<\/p>\n<p>&nbsp;<\/p>\n<div class=\"radio-posizionamento-telefono-in-articoli-dopo-il-contenuto-articolo radio-entity-placement\" id=\"radio-1254604313\"><div id=\"radio-3645083615\" style=\"width: 300px;height: 250px;\"><a href=\"https:\/\/www.icarspa.it\/auto\/usate\/latina\/\" aria-label=\"banner aprile icar new life &#8211; auto usate latina\"><img loading=\"lazy\" decoding=\"async\" src=\"https:\/\/www.radioluna.it\/news\/wp-content\/uploads\/2026\/02\/banner-aprile-icar-new-life-auto-usate-latina.gif\" alt=\"\"  width=\"300\" height=\"250\"   \/><\/a><\/div><\/div>","protected":false},"excerpt":{"rendered":"<p>LATINA &#8211;\u00a0San Valentino per lanciare un segnale di vicinanza alle donne che subiscono violenza e raccogliere il loro grido. Lo far\u00e0 il 14 febbraio la Polizia di Stato con la campagna nazionale \u201c\u2026questo non \u00e8 amore\u201d e con quella locale \u201cIo si che valgo\u201d, con la mobilitazione di personale e dell\u2019associazionismo per favorire momenti d\u2019incontro: [&hellip;]<\/p>\n","protected":false},"author":60,"featured_media":184511,"comment_status":"open","ping_status":"open","sticky":false,"template":"","format":"standard","meta":{"footnotes":""},"categories":[7],"tags":[],"class_list":["post-216404","post","type-post","status-publish","format-standard","has-post-thumbnail","hentry","category-cronaca"],"_links":{"self":[{"href":"https:\/\/www.radioluna.it\/news\/wp-json\/wp\/v2\/posts\/216404","targetHints":{"allow":["GET"]}}],"collection":[{"href":"https:\/\/www.radioluna.it\/news\/wp-json\/wp\/v2\/posts"}],"about":[{"href":"https:\/\/www.radioluna.it\/news\/wp-json\/wp\/v2\/types\/post"}],"author":[{"embeddable":true,"href":"https:\/\/www.radioluna.it\/news\/wp-json\/wp\/v2\/users\/60"}],"replies":[{"embeddable":true,"href":"https:\/\/www.radioluna.it\/news\/wp-json\/wp\/v2\/comments?post=216404"}],"version-history":[{"count":0,"href":"https:\/\/www.radioluna.it\/news\/wp-json\/wp\/v2\/posts\/216404\/revisions"}],"wp:featuredmedia":[{"embeddable":true,"href":"https:\/\/www.radioluna.it\/news\/wp-json\/wp\/v2\/media\/184511"}],"wp:attachment":[{"href":"https:\/\/www.radioluna.it\/news\/wp-json\/wp\/v2\/media?parent=216404"}],"wp:term":[{"taxonomy":"category","embeddable":true,"href":"https:\/\/www.radioluna.it\/news\/wp-json\/wp\/v2\/categories?post=216404"},{"taxonomy":"post_tag","embeddable":true,"href":"https:\/\/www.radioluna.it\/news\/wp-json\/wp\/v2\/tags?post=216404"}],"curies":[{"name":"wp","href":"https:\/\/api.w.org\/{rel}","templated":true}]}}