{"id":216567,"date":"2018-02-15T09:17:44","date_gmt":"2018-02-15T08:17:44","guid":{"rendered":"http:\/\/www.radioluna.it\/news\/?p=216567"},"modified":"2018-02-15T11:13:51","modified_gmt":"2018-02-15T10:13:51","slug":"olivera-pronto-tornare-latina-e-casa-mia","status":"publish","type":"post","link":"https:\/\/www.radioluna.it\/news\/2018\/02\/olivera-pronto-tornare-latina-e-casa-mia\/","title":{"rendered":"Olivera pronto a tornare: &#8220;Latina \u00e8 casa mia&#8221;"},"content":{"rendered":"<div id=\"fb-root\"><\/div>\n<p><a href=\"https:\/\/www.facebook.com\/LatinaCalcio1932official\/videos\/439849216429938\/\">CLICCA SULLA FOTO PER VEDERE IL VIDEO<\/a><a href=\"https:\/\/www.facebook.com\/LatinaCalcio1932official\/videos\/439849216429938\/\"><img loading=\"lazy\" decoding=\"async\" class=\"aligncenter size-full wp-image-216568\" src=\"http:\/\/www.radioluna.it\/news\/wp-content\/uploads\/2018\/02\/ruben-olivera.jpg\" alt=\"\" width=\"1600\" height=\"1066\" srcset=\"https:\/\/www.radioluna.it\/news\/wp-content\/uploads\/2018\/02\/ruben-olivera.jpg 1600w, https:\/\/www.radioluna.it\/news\/wp-content\/uploads\/2018\/02\/ruben-olivera-300x200.jpg 300w, https:\/\/www.radioluna.it\/news\/wp-content\/uploads\/2018\/02\/ruben-olivera-768x512.jpg 768w, https:\/\/www.radioluna.it\/news\/wp-content\/uploads\/2018\/02\/ruben-olivera-1024x682.jpg 1024w, https:\/\/www.radioluna.it\/news\/wp-content\/uploads\/2018\/02\/ruben-olivera-500x333.jpg 500w, https:\/\/www.radioluna.it\/news\/wp-content\/uploads\/2018\/02\/ruben-olivera-600x400.jpg 600w, https:\/\/www.radioluna.it\/news\/wp-content\/uploads\/2018\/02\/ruben-olivera-270x180.jpg 270w\" sizes=\"auto, (max-width: 1600px) 100vw, 1600px\" \/><\/a><\/p>\n<p style=\"text-align: justify;\"><strong>LATINA\u00a0<\/strong> &#8211; &#8220;Ogni allenamento che passa mi sento sempre meglio e decideremo con il mister se rientrer\u00f2 questa settimana o la prossima. Voglio dare il mio contributo al campionato, ci tengo tantissimo&#8221;. Ruben Olivera, il centrocampista uruguaiano parla nella conferenza stampa di met\u00e0 settimana e chiarisce subito una cosa: &#8220;Io qui sono a casa. Comunque vada rester\u00f2 a Latina, questo \u00e8 certo&#8221;.<\/p>\n<p style=\"text-align: justify;\">Incalzato dalle domande dei giornalisti ha parlato anche delle sue speranze: &#8220;Credo che la societ\u00e0 e la citt\u00e0 debbano tornare al professionismo e a un palcoscenico importante&#8221;, ha detto il calciatore che ha militato anche in serie A.<\/p>\n<p style=\"text-align: justify;\">Olivera si prepara dunque al rientro dopo il pesante infortunio subito e forse gi\u00e0 dal prossimo match a Civita castellana in casa del Calcio Flaminia per la 24\u00b0 giornata di serie D.<\/p>\n","protected":false},"excerpt":{"rendered":"<p>CLICCA SULLA FOTO PER VEDERE IL VIDEO LATINA\u00a0 &#8211; &#8220;Ogni allenamento che passa mi sento sempre meglio e decideremo con il mister se rientrer\u00f2 questa settimana o la prossima. Voglio dare il mio contributo al campionato, ci tengo tantissimo&#8221;. Ruben Olivera, il centrocampista uruguaiano parla nella conferenza stampa di met\u00e0 settimana e chiarisce subito una [&hellip;]<\/p>\n","protected":false},"author":62,"featured_media":216568,"comment_status":"open","ping_status":"open","sticky":false,"template":"","format":"standard","meta":{"footnotes":""},"categories":[17,2312],"tags":[],"class_list":["post-216567","post","type-post","status-publish","format-standard","has-post-thumbnail","hentry","category-sport","category-video"],"_links":{"self":[{"href":"https:\/\/www.radioluna.it\/news\/wp-json\/wp\/v2\/posts\/216567","targetHints":{"allow":["GET"]}}],"collection":[{"href":"https:\/\/www.radioluna.it\/news\/wp-json\/wp\/v2\/posts"}],"about":[{"href":"https:\/\/www.radioluna.it\/news\/wp-json\/wp\/v2\/types\/post"}],"author":[{"embeddable":true,"href":"https:\/\/www.radioluna.it\/news\/wp-json\/wp\/v2\/users\/62"}],"replies":[{"embeddable":true,"href":"https:\/\/www.radioluna.it\/news\/wp-json\/wp\/v2\/comments?post=216567"}],"version-history":[{"count":0,"href":"https:\/\/www.radioluna.it\/news\/wp-json\/wp\/v2\/posts\/216567\/revisions"}],"wp:featuredmedia":[{"embeddable":true,"href":"https:\/\/www.radioluna.it\/news\/wp-json\/wp\/v2\/media\/216568"}],"wp:attachment":[{"href":"https:\/\/www.radioluna.it\/news\/wp-json\/wp\/v2\/media?parent=216567"}],"wp:term":[{"taxonomy":"category","embeddable":true,"href":"https:\/\/www.radioluna.it\/news\/wp-json\/wp\/v2\/categories?post=216567"},{"taxonomy":"post_tag","embeddable":true,"href":"https:\/\/www.radioluna.it\/news\/wp-json\/wp\/v2\/tags?post=216567"}],"curies":[{"name":"wp","href":"https:\/\/api.w.org\/{rel}","templated":true}]}}