{"id":216610,"date":"2018-02-15T11:08:56","date_gmt":"2018-02-15T10:08:56","guid":{"rendered":"http:\/\/www.radioluna.it\/news\/?p=216610"},"modified":"2018-02-15T11:10:54","modified_gmt":"2018-02-15T10:10:54","slug":"a-latina-larte-incontra-la-matematica","status":"publish","type":"post","link":"https:\/\/www.radioluna.it\/news\/2018\/02\/a-latina-larte-incontra-la-matematica\/","title":{"rendered":"A Latina L&#8217;Arte incontra la Matematica"},"content":{"rendered":"<div id=\"fb-root\"><\/div>\n<p style=\"text-align: justify;\"><strong>LATINA<\/strong> &#8211; L&#8217;Arte incontra la matematica. E&#8217; il suggestivo titolo\u00a0di un incontro organizzato a Latina da Mathesis, da oltre un secolo tra le pi\u00f9 autorevoli associazioni di divulgazione scientifica in Italia, che ha nel capoluogo una propria . L&#8217;appuntamento, il primo di tre sul tema, \u00e8 per marted\u00ec 27 febbraio alle 16 nella Sala de Pasquale del Comune di Latina.<\/p>\n<p style=\"text-align: justify;\">L&#8217;idea di Mathesis \u00e8 quella di spiegare come il pensiero Matematico ha cambiato l&#8217;arte e la rappresentazione dello spazio, e di conseguenza l&#8217;idea di citt\u00e0. &#8220;L&#8217;incontro &#8211; spiegano i promotori &#8211; \u00e8 pensato sulla figura di Leon Battista Alberti e la nascita la prospettiva, sar\u00e0 realizzato attraverso un dialogo tra Marcello Ciccarelli, membro del comitato scientifico dell&#8217; associazione e Pietro Cefaly, appassionato studioso e architetto della citt\u00e0&#8221;.<\/p>\n<p style=\"text-align: justify;\">Mathesis, molto attiva nella formazione dei docenti vuole ora proporre anche &#8220;percorsi culturali che possano coinvolgere tutta la citt\u00e0&#8221;. Ne \u00e8 presidente Gianmarco Proietti; vice, Silvia Lumaca; Paolo Ferretti, segretario e tesoriere;. Del comitato scientifico fanno parte Marcello Ciccarelli,\u00a0 Fernando Ilari e Lucio Mastracchio<\/p>\n<p style=\"text-align: justify;\">Gli incontri sono riconosciuti per l&#8217;aggiornamento professionale dei docenti e il credito formativo degli studenti.<\/p>\n<div class=\"radio-posizionamento-telefono-in-articoli-dopo-il-contenuto-articolo radio-entity-placement\" id=\"radio-2367921657\"><div id=\"radio-2042084500\" style=\"width: 300px;height: 250px;\"><a href=\"https:\/\/www.icarspa.it\/auto\/usate\/latina\/\" aria-label=\"banner aprile icar new life &#8211; auto usate latina\"><img loading=\"lazy\" decoding=\"async\" src=\"https:\/\/www.radioluna.it\/news\/wp-content\/uploads\/2026\/02\/banner-aprile-icar-new-life-auto-usate-latina.gif\" alt=\"\"  width=\"300\" height=\"250\"   \/><\/a><\/div><\/div>","protected":false},"excerpt":{"rendered":"<p>LATINA &#8211; L&#8217;Arte incontra la matematica. E&#8217; il suggestivo titolo\u00a0di un incontro organizzato a Latina da Mathesis, da oltre un secolo tra le pi\u00f9 autorevoli associazioni di divulgazione scientifica in Italia, che ha nel capoluogo una propria . L&#8217;appuntamento, il primo di tre sul tema, \u00e8 per marted\u00ec 27 febbraio alle 16 nella Sala de [&hellip;]<\/p>\n","protected":false},"author":62,"featured_media":216611,"comment_status":"open","ping_status":"open","sticky":false,"template":"","format":"standard","meta":{"footnotes":""},"categories":[16,15],"tags":[],"class_list":["post-216610","post","type-post","status-publish","format-standard","has-post-thumbnail","hentry","category-appuntamenti","category-cultura"],"_links":{"self":[{"href":"https:\/\/www.radioluna.it\/news\/wp-json\/wp\/v2\/posts\/216610","targetHints":{"allow":["GET"]}}],"collection":[{"href":"https:\/\/www.radioluna.it\/news\/wp-json\/wp\/v2\/posts"}],"about":[{"href":"https:\/\/www.radioluna.it\/news\/wp-json\/wp\/v2\/types\/post"}],"author":[{"embeddable":true,"href":"https:\/\/www.radioluna.it\/news\/wp-json\/wp\/v2\/users\/62"}],"replies":[{"embeddable":true,"href":"https:\/\/www.radioluna.it\/news\/wp-json\/wp\/v2\/comments?post=216610"}],"version-history":[{"count":0,"href":"https:\/\/www.radioluna.it\/news\/wp-json\/wp\/v2\/posts\/216610\/revisions"}],"wp:featuredmedia":[{"embeddable":true,"href":"https:\/\/www.radioluna.it\/news\/wp-json\/wp\/v2\/media\/216611"}],"wp:attachment":[{"href":"https:\/\/www.radioluna.it\/news\/wp-json\/wp\/v2\/media?parent=216610"}],"wp:term":[{"taxonomy":"category","embeddable":true,"href":"https:\/\/www.radioluna.it\/news\/wp-json\/wp\/v2\/categories?post=216610"},{"taxonomy":"post_tag","embeddable":true,"href":"https:\/\/www.radioluna.it\/news\/wp-json\/wp\/v2\/tags?post=216610"}],"curies":[{"name":"wp","href":"https:\/\/api.w.org\/{rel}","templated":true}]}}