{"id":216625,"date":"2018-02-15T12:42:31","date_gmt":"2018-02-15T11:42:31","guid":{"rendered":"http:\/\/www.radioluna.it\/news\/?p=216625"},"modified":"2018-02-18T06:30:04","modified_gmt":"2018-02-18T05:30:04","slug":"italiano-come-integrazione-via-ai-corsi-di-lingua-per-stranieri","status":"publish","type":"post","link":"https:\/\/www.radioluna.it\/news\/2018\/02\/italiano-come-integrazione-via-ai-corsi-di-lingua-per-stranieri\/","title":{"rendered":"Italiano come integrazione: via ai corsi di lingua per stranieri"},"content":{"rendered":"<div id=\"fb-root\"><\/div>\n<p style=\"text-align: justify;\"><strong>LATINA<\/strong> &#8211;\u00a0Il corso di italiano per stranieri \u00e8 il primo intervento immateriale del cosiddetto \u201cprogettone\u201d. E&#8217; &#8220;Do you speak italian?&#8221; che prevede la realizzazione di corsi di italiano per stranieri, prender\u00e0 avvio il 1\u00b0 marzo e si chiuder\u00e0 alla fine di luglio,\u00a0 promosso e realizzato dal servizio Politiche per lo Sviluppo e l\u2019Internazionalizzazione in collaborazione con l&#8217;Istituto Tecnico Commerciale Vittorio Veneto-Salvemini.<\/p>\n<p style=\"text-align: justify;\">\u00abIl programma costruito e gestito in collaborazione con l\u2019Istituto V. Veneto- Salvemini \u2013 sostiene l\u2019Assessora alla Citt\u00e0 Internazionale e Partecipazione Cristina Leggio \u2013 si pone come finalit\u00e0, in attuazione dell\u2019art. 3 della Costituzione, di promuovere un percorso reale di inclusione ed emancipazione dei partecipanti. Le difficolt\u00e0 di comunicazione rappresentano senza dubbio una dei primi ostacoli che un cittadino straniero incontra nel suo percorso di integrazione nella nostra citt\u00e0 ed \u00e8 dunque di indiscutibile utilit\u00e0 promuovere percorsi di apprendimento della lingua italiana. Alla formazione linguistica, deve per\u00f2 affiancarsi un percorso di formazione di pi\u00f9 ampio respiro che abiliti alla fruizione dei servizi di base, all\u2019esercizio dei diritti fondamentali e alla partecipazione alla vita cittadina. I corsi si configurano dunque come percorsi integrati che, a partire dall\u2019apprendimento della lingua italiana, promuoveranno l\u2019acquisizione delle conoscenze e delle competenze necessarie alla realizzazione della partecipazione alla vita democratica della comunit\u00e0 da parte dei beneficiari del progetto\u00bb.<\/p>\n<p style=\"text-align: justify;\">Verranno attivati 10 corsi, distinti in: elementari di primo e di secondo livello (A1 e A2) e intermedi, sempre di primo e secondo livello (B2 e B2). All\u2019avvio gli iscritti svolgeranno un test di ingresso per valutare le loro conoscenze linguistiche di partenza e procedere con la composizione delle classi. La frequenza al Vittorio Veneto sar\u00e0 tre volte a settimana,\u00a0 luned\u00ec, mercoled\u00ec e venerd\u00ec dalle 18 alle 20; mentre il marted\u00ec, gioved\u00ec e sabato le lezioni si terranno presso l\u2019Istituto Comprensivo Vito Fabiano, in via Don Vincenzo Onorati, a Borgo Sabotino, con lo stesso orario.<\/p>\n<p style=\"text-align: justify;\">Le locandine e le informazioni sono state tradotte in 9 lingue e diffuse in modo capillare sul territorio. Gli interessati potranno iscriversi compilando il modulo disponibile anche presso il Segretariato Sociale, l&#8217;Ufficio Anagrafe di Corso della Repubblica e di via Ezio e l&#8217;Ufficio Urp, oppure scaricabile dal sito web del Comune (inserito come allegato all\u2019articolo pubblicato nella sezione Comunicati stampa). Le domande dovranno essere consegnate presso l\u2019Istituto Vittorio Veneto, in Viale Mazzini 4, entro il 26 febbraio.<\/p>\n<p style=\"text-align: justify;\">Il progetto \u00e8\u00a0\u00a0inserito tra gli interventi immateriali del programma\u00a0\u201cLatina\u00a0anche\u00a0citt\u00e0\u00a0di\u00a0mare\u201d e finanziato dalla Presidenza del Consiglio dei Ministri con un contributo complessivo di 18 milioni di euro.<\/p>\n<p style=\"text-align: justify;\">\n<p>&nbsp;<\/p>\n<div class=\"radio-posizionamento-telefono-in-articoli-dopo-il-contenuto-articolo radio-entity-placement\" id=\"radio-4267191970\"><div id=\"radio-3671242553\" style=\"width: 300px;height: 250px;\"><a href=\"https:\/\/www.icarspa.it\/auto\/usate\/latina\/\" aria-label=\"banner aprile icar new life &#8211; auto usate latina\"><img loading=\"lazy\" decoding=\"async\" src=\"https:\/\/www.radioluna.it\/news\/wp-content\/uploads\/2026\/02\/banner-aprile-icar-new-life-auto-usate-latina.gif\" alt=\"\"  width=\"300\" height=\"250\"   \/><\/a><\/div><\/div>","protected":false},"excerpt":{"rendered":"<p>LATINA &#8211;\u00a0Il corso di italiano per stranieri \u00e8 il primo intervento immateriale del cosiddetto \u201cprogettone\u201d. E&#8217; &#8220;Do you speak italian?&#8221; che prevede la realizzazione di corsi di italiano per stranieri, prender\u00e0 avvio il 1\u00b0 marzo e si chiuder\u00e0 alla fine di luglio,\u00a0 promosso e realizzato dal servizio Politiche per lo Sviluppo e l\u2019Internazionalizzazione in collaborazione [&hellip;]<\/p>\n","protected":false},"author":62,"featured_media":216626,"comment_status":"open","ping_status":"open","sticky":false,"template":"","format":"standard","meta":{"footnotes":""},"categories":[248],"tags":[],"class_list":["post-216625","post","type-post","status-publish","format-standard","has-post-thumbnail","hentry","category-istruzione"],"_links":{"self":[{"href":"https:\/\/www.radioluna.it\/news\/wp-json\/wp\/v2\/posts\/216625","targetHints":{"allow":["GET"]}}],"collection":[{"href":"https:\/\/www.radioluna.it\/news\/wp-json\/wp\/v2\/posts"}],"about":[{"href":"https:\/\/www.radioluna.it\/news\/wp-json\/wp\/v2\/types\/post"}],"author":[{"embeddable":true,"href":"https:\/\/www.radioluna.it\/news\/wp-json\/wp\/v2\/users\/62"}],"replies":[{"embeddable":true,"href":"https:\/\/www.radioluna.it\/news\/wp-json\/wp\/v2\/comments?post=216625"}],"version-history":[{"count":0,"href":"https:\/\/www.radioluna.it\/news\/wp-json\/wp\/v2\/posts\/216625\/revisions"}],"wp:featuredmedia":[{"embeddable":true,"href":"https:\/\/www.radioluna.it\/news\/wp-json\/wp\/v2\/media\/216626"}],"wp:attachment":[{"href":"https:\/\/www.radioluna.it\/news\/wp-json\/wp\/v2\/media?parent=216625"}],"wp:term":[{"taxonomy":"category","embeddable":true,"href":"https:\/\/www.radioluna.it\/news\/wp-json\/wp\/v2\/categories?post=216625"},{"taxonomy":"post_tag","embeddable":true,"href":"https:\/\/www.radioluna.it\/news\/wp-json\/wp\/v2\/tags?post=216625"}],"curies":[{"name":"wp","href":"https:\/\/api.w.org\/{rel}","templated":true}]}}