{"id":216640,"date":"2018-02-15T16:22:59","date_gmt":"2018-02-15T15:22:59","guid":{"rendered":"http:\/\/www.radioluna.it\/news\/?p=216640"},"modified":"2018-02-15T18:32:08","modified_gmt":"2018-02-15T17:32:08","slug":"i-candidati-del-m5s-si-presentano-alla-citta","status":"publish","type":"post","link":"https:\/\/www.radioluna.it\/news\/2018\/02\/i-candidati-del-m5s-si-presentano-alla-citta\/","title":{"rendered":"I candidati del M5s si presentano alla citt\u00e0"},"content":{"rendered":"<div id=\"fb-root\"><\/div>\n<p style=\"text-align: justify;\"><strong>LATINA &#8211;<\/strong> Questa mattina, presso l&#8217;Hotel Europa in Via Emanuele Filiberto 14 a Latina, si \u00e8 tenuta una conferenza stampa in cui sono stati presentati tutti i candidati del MoVimento 5 Stelle per le prossime elezioni politiche alla Camera e al Senato e per la competizione regionale. Presente, dunque, anche Raffaele Trano, candidato alla Camera dei Deputati nel collegio uninominale di Terracina. Un modo non solo per presentarsi ufficialmente ai cittadini pontini, ma anche per parlare delle problematiche del territorio e dei progetti che il MoVimenti vuole mettere in atto per farlo crescere:<\/p>\n<p style=\"text-align: justify;\">&#8220;Il nostro \u00e8 un territorio abbandonato e preda di partiti come il Centro Destra \u2013 ha detto Trano \u2013 ma sono proprio i partiti che hanno causato le diverse problematiche da affrontare oggi. Basti pensare alla questione Acqualatina e alla carenza del servizio idrico dell&#8217;estate scorsa. E quegli stessi partiti oggi per le elezioni nel collegio uninominale di Terracina candidano persone che nulla c&#8217;entrano con il territorio. Pensiamo al candidato del Centro Destra, Paolo Barelli: parliamo di una persona paracadutata dalla segreteria di partito per provare a fare incetta di voti e tornare poi a Roma godendosi i 12 mila euro di stipendio. Io, invece, sono un candidato di questa terra: vivo qui e conosco di cosa ha bisogno il mio comprensorio. Di certo non mi rinchiuder\u00f2 in Parlamento, dato che sar\u00f2 sempre qui a disposizione dei cittadini. In vista del 4 marzo bisogna stare molto attenti. Il prossimo sar\u00e0 un voto che determiner\u00e0 il futuro dei prossimi 10 anni della nostra Nazione. In queste settimane, incontrando tante persone in vari comuni del territorio, abbiamo visto un Paese abbandonato, diverso da quello che raccontano i media a livello nazionale. Basta rapportarsi con la gente per capire che partiti, stampa e tv dicono molte menzogne su vari temi, come per esempio l&#8217;occupazione: fare dei contratti di un mese a giovani in cerca di lavoro non significa aver migliorato la situazione, anche se dalle statistiche sembra cos\u00ec, ma solo prendere in giro le persone. Il prossimo 4 marzo dovr\u00e0 avvenire una vera e propria liberazione del Paese. Questa terra \u2013 ha concluso Trano \u2013 ha un potenziale economico incredibile, bisogna aiutare le piccole e medie imprese. Abbiamo un programma serio con le dovute coperture, ora per\u00f2 serve cambiare una volta per tutte&#8221;.<\/p>\n","protected":false},"excerpt":{"rendered":"<p>LATINA &#8211; Questa mattina, presso l&#8217;Hotel Europa in Via Emanuele Filiberto 14 a Latina, si \u00e8 tenuta una conferenza stampa in cui sono stati presentati tutti i candidati del MoVimento 5 Stelle per le prossime elezioni politiche alla Camera e al Senato e per la competizione regionale. Presente, dunque, anche Raffaele Trano, candidato alla Camera [&hellip;]<\/p>\n","protected":false},"author":60,"featured_media":0,"comment_status":"open","ping_status":"open","sticky":false,"template":"","format":"standard","meta":{"footnotes":""},"categories":[8],"tags":[],"class_list":["post-216640","post","type-post","status-publish","format-standard","hentry","category-politica"],"_links":{"self":[{"href":"https:\/\/www.radioluna.it\/news\/wp-json\/wp\/v2\/posts\/216640","targetHints":{"allow":["GET"]}}],"collection":[{"href":"https:\/\/www.radioluna.it\/news\/wp-json\/wp\/v2\/posts"}],"about":[{"href":"https:\/\/www.radioluna.it\/news\/wp-json\/wp\/v2\/types\/post"}],"author":[{"embeddable":true,"href":"https:\/\/www.radioluna.it\/news\/wp-json\/wp\/v2\/users\/60"}],"replies":[{"embeddable":true,"href":"https:\/\/www.radioluna.it\/news\/wp-json\/wp\/v2\/comments?post=216640"}],"version-history":[{"count":0,"href":"https:\/\/www.radioluna.it\/news\/wp-json\/wp\/v2\/posts\/216640\/revisions"}],"wp:attachment":[{"href":"https:\/\/www.radioluna.it\/news\/wp-json\/wp\/v2\/media?parent=216640"}],"wp:term":[{"taxonomy":"category","embeddable":true,"href":"https:\/\/www.radioluna.it\/news\/wp-json\/wp\/v2\/categories?post=216640"},{"taxonomy":"post_tag","embeddable":true,"href":"https:\/\/www.radioluna.it\/news\/wp-json\/wp\/v2\/tags?post=216640"}],"curies":[{"name":"wp","href":"https:\/\/api.w.org\/{rel}","templated":true}]}}