{"id":216678,"date":"2018-02-16T07:28:54","date_gmt":"2018-02-16T06:28:54","guid":{"rendered":"http:\/\/www.radioluna.it\/news\/?p=216678"},"modified":"2018-02-17T06:57:12","modified_gmt":"2018-02-17T05:57:12","slug":"latina-call-center-in-un-seminterrato-di-via-boccaccio-chiuso-dagli-ispettori-del-lavoro","status":"publish","type":"post","link":"https:\/\/www.radioluna.it\/news\/2018\/02\/latina-call-center-in-un-seminterrato-di-via-boccaccio-chiuso-dagli-ispettori-del-lavoro\/","title":{"rendered":"Latina, call center in un seminterrato di Via Boccaccio chiuso dagli ispettori del lavoro"},"content":{"rendered":"<div id=\"fb-root\"><\/div>\n<p style=\"text-align: justify;\"><strong>LATINA<\/strong>\u00a0 &#8211; Un call center realizzato in un garage di Via Boccaccio a Latina \u00e8 stato chiuso gioved\u00ec. Erano stati i residenti insospettiti da un continuo via vai nel locale seminterrato del civico 8 a chiedere controlli e i controlli sono arrivati con i funzionari dell&#8217;Ispettorato del Lavoro che hanno visitato la struttura per scoprire che era un call center con 15 dipendenti tutti senza contratto di lavoro.<\/p>\n<p style=\"text-align: justify;\">L&#8217;attivit\u00e0 intestata ad una societ\u00e0 che in realt\u00e0 si occupa d&#8217;altro, secondo quanto emerso dai registri delle presenze e\u00a0 dai documenti sociali impiegava lavoratori tutti totalmente in nero. Il call center \u00e8 stato chiuso e sul posto per i controlli sulla sicurezza sono stati chiamati anche gli ispettori della Asl. Indagato il titolare.<\/p>\n<div class=\"radio-posizionamento-telefono-in-articoli-dopo-il-contenuto-articolo radio-entity-placement\" id=\"radio-2043853904\"><div id=\"radio-3697243315\"><a href=\"https:\/\/grupporedi.it\/\" aria-label=\"Redi-Qr\"><img loading=\"lazy\" decoding=\"async\" src=\"https:\/\/www.radioluna.it\/news\/wp-content\/uploads\/2026\/03\/Redi-Qr.jpg\" alt=\"\"  srcset=\"https:\/\/www.radioluna.it\/news\/wp-content\/uploads\/2026\/03\/Redi-Qr.jpg 800w, https:\/\/www.radioluna.it\/news\/wp-content\/uploads\/2026\/03\/Redi-Qr-768x639.jpg 768w\" sizes=\"(max-width: 800px) 100vw, 800px\" width=\"300\" height=\"250\"   \/><\/a><\/div><\/div>","protected":false},"excerpt":{"rendered":"<p>LATINA\u00a0 &#8211; Un call center realizzato in un garage di Via Boccaccio a Latina \u00e8 stato chiuso gioved\u00ec. Erano stati i residenti insospettiti da un continuo via vai nel locale seminterrato del civico 8 a chiedere controlli e i controlli sono arrivati con i funzionari dell&#8217;Ispettorato del Lavoro che hanno visitato la struttura per scoprire [&hellip;]<\/p>\n","protected":false},"author":62,"featured_media":216679,"comment_status":"open","ping_status":"open","sticky":false,"template":"","format":"standard","meta":{"footnotes":""},"categories":[7],"tags":[],"class_list":["post-216678","post","type-post","status-publish","format-standard","has-post-thumbnail","hentry","category-cronaca"],"_links":{"self":[{"href":"https:\/\/www.radioluna.it\/news\/wp-json\/wp\/v2\/posts\/216678","targetHints":{"allow":["GET"]}}],"collection":[{"href":"https:\/\/www.radioluna.it\/news\/wp-json\/wp\/v2\/posts"}],"about":[{"href":"https:\/\/www.radioluna.it\/news\/wp-json\/wp\/v2\/types\/post"}],"author":[{"embeddable":true,"href":"https:\/\/www.radioluna.it\/news\/wp-json\/wp\/v2\/users\/62"}],"replies":[{"embeddable":true,"href":"https:\/\/www.radioluna.it\/news\/wp-json\/wp\/v2\/comments?post=216678"}],"version-history":[{"count":0,"href":"https:\/\/www.radioluna.it\/news\/wp-json\/wp\/v2\/posts\/216678\/revisions"}],"wp:featuredmedia":[{"embeddable":true,"href":"https:\/\/www.radioluna.it\/news\/wp-json\/wp\/v2\/media\/216679"}],"wp:attachment":[{"href":"https:\/\/www.radioluna.it\/news\/wp-json\/wp\/v2\/media?parent=216678"}],"wp:term":[{"taxonomy":"category","embeddable":true,"href":"https:\/\/www.radioluna.it\/news\/wp-json\/wp\/v2\/categories?post=216678"},{"taxonomy":"post_tag","embeddable":true,"href":"https:\/\/www.radioluna.it\/news\/wp-json\/wp\/v2\/tags?post=216678"}],"curies":[{"name":"wp","href":"https:\/\/api.w.org\/{rel}","templated":true}]}}