{"id":216698,"date":"2018-02-18T07:32:07","date_gmt":"2018-02-18T06:32:07","guid":{"rendered":"http:\/\/www.radioluna.it\/news\/?p=216698"},"modified":"2018-02-21T05:34:44","modified_gmt":"2018-02-21T04:34:44","slug":"il-pomos-di-cisterna-a-tenerife-nel-villaggio-bioclimatico","status":"publish","type":"post","link":"https:\/\/www.radioluna.it\/news\/2018\/02\/il-pomos-di-cisterna-a-tenerife-nel-villaggio-bioclimatico\/","title":{"rendered":"Il Pomos di Cisterna a Tenerife nel villaggio bioclimatico"},"content":{"rendered":"<div id=\"fb-root\"><\/div>\n<p style=\"text-align: justify;\"><strong>LATINA<\/strong> &#8211;\u00a0A Tenerife c&#8217;\u00e8 Iter, un intero villaggio bioclimatico, 25 ville realizzate nell&#8217;area sud dell&#8217;isola spagnola. &#8220;Un posto non dissimile da quelli che siamo abituati a conoscere in terra pontina&#8221;, spiega il professor Fabio Massimo Frattale Mascioli, ingegnere ambientale in servizio al Pomos, il Polo per la Mobilit\u00e0 sostenibile dell&#8217;Universit\u00e0 Sapienza a Cisterna, che lo ha visitato grazie ad un evento organizzato dalla Nissan per la presentazione del suo ultimo veicolo elettrico.\u00a0 &#8220;Gli spunti sono stati innumerevoli e noi del Pomos lavoriamo proprio su questo genere di progetti&#8221;.<\/p>\n<p style=\"text-align: justify;\">Un luogo quello realizzato alle Canarie dove la ricerca sperimenta le frontiere &#8220;eco&#8221; dello stare al mondo, ma che offre anche un turismo nuovo che molti apprezzano. L&#8217;idea era stata del governo locale, un concorso per la casa ecologica ideale. Non \u00e8 rimasto solo su carta: i 24 progetti finalisti sono stati realizzati e inaugurati all&#8217;inizio del secondo decennio del 2000 nell&#8217;area in cui sorge l&#8217;Istituto Tecnologico di Energia Rinnovabile (ITER).\u00a0Le 25 casas bioclimaticas sono autosufficienti dal punto di vista energetico (senza trascurare l&#8217;abitabilit\u00e0) e sono state realizzate come micro laboratori, con sensori che rilevano e trasmettono costantemente informazioni su temperatura, umidit\u00e0 e flusso dell\u2019aria.<\/p>\n<p style=\"text-align: justify;\">&#8220;Il villaggio\u00a0 &#8211; spiega Frattali Mascioli &#8211; oltre che bioclimatico, \u00e8 un esperimento di un moderno modo di fruire dell&#8217;energia elettrica,\u00a0 perch\u00e9 abbiamo case bio, sistemi di produzione locale da fonte rinnovabile, l&#8217;accumulo, la ricarica per i veicoli elettrici e la restituzione di una parte dell&#8217;energia. Le case sono state dotate di batterie ricavate da quelle dismesse dei veicoli in circolazione, quindi \u00e8 anche un esperimento di economia circolare&#8221;.<\/p>\n<p style=\"text-align: justify;\">Ma a Latina si pu\u00f2 fare?\u00a0\u00a0&#8220;Non stiamo parlando di un altro mondo, non sarebbe cosa da fantascienza realizzare un contesto simile in zona pontina, tanto pi\u00f9 che noi abbiamo anche le acque interne e potremmo allargare il campo alla mobilit\u00e0 nautica e fare un esempio ancora pi\u00f9 ampio di villaggio bioclimatico realizzando un luogo dove\u00a0 si possano anche testare innovazioni tecnologiche nel giusto contesto. Girando in zona pontina ne vedo tanti di luoghi belli:\u00a0 i laghi costieri, i fiumi, il Ninfa, il Cavata, ma non solo i paesaggi naturali sono giusti. Anche in contesti urbani come Latina, Cisterna o Pontinia. Si pu\u00f2 infatti intervenire in un contesto urbano che ha elementi deteriorati e riqualificarlo pensandolo in termini bioclimatici e in termini energetici di frontiera, compresa la parte mobilit\u00e0 elettrica, compresa la parte a ciclo chiuso dell&#8217;energia, compresi gli elementi di energia circolare&#8221;.<\/p>\n<p>ASCOLTA<\/p>\n<audio class=\"wp-audio-shortcode\" id=\"audio-216698-1\" preload=\"none\" style=\"width: 100%;\" controls=\"controls\"><source type=\"audio\/mpeg\" src=\"http:\/\/www.radioluna.it\/news\/wp-content\/uploads\/2018\/02\/frattale-masciolu-case-bioclinmatiche.mp3?_=1\" \/><a href=\"http:\/\/www.radioluna.it\/news\/wp-content\/uploads\/2018\/02\/frattale-masciolu-case-bioclinmatiche.mp3\">http:\/\/www.radioluna.it\/news\/wp-content\/uploads\/2018\/02\/frattale-masciolu-case-bioclinmatiche.mp3<\/a><\/audio>\n<p style=\"text-align: justify;\">Il Pomos di Cisterna sta coordinando un progetto europeo Life all&#8217;Argentario: &#8220;Sarebbe bello ora fare qualcosa del genere qui&#8221;.<\/p>\n<div class=\"radio-posizionamento-telefono-in-articoli-dopo-il-contenuto-articolo radio-entity-placement\" id=\"radio-1573511846\"><div id=\"radio-1959483272\"><a href=\"https:\/\/grupporedi.it\/\" aria-label=\"Redi-Qr\"><img loading=\"lazy\" decoding=\"async\" src=\"https:\/\/www.radioluna.it\/news\/wp-content\/uploads\/2026\/03\/Redi-Qr.jpg\" alt=\"\"  srcset=\"https:\/\/www.radioluna.it\/news\/wp-content\/uploads\/2026\/03\/Redi-Qr.jpg 800w, https:\/\/www.radioluna.it\/news\/wp-content\/uploads\/2026\/03\/Redi-Qr-768x639.jpg 768w\" sizes=\"(max-width: 800px) 100vw, 800px\" width=\"300\" height=\"250\"   \/><\/a><\/div><\/div>","protected":false},"excerpt":{"rendered":"<p>LATINA &#8211;\u00a0A Tenerife c&#8217;\u00e8 Iter, un intero villaggio bioclimatico, 25 ville realizzate nell&#8217;area sud dell&#8217;isola spagnola. &#8220;Un posto non dissimile da quelli che siamo abituati a conoscere in terra pontina&#8221;, spiega il professor Fabio Massimo Frattale Mascioli, ingegnere ambientale in servizio al Pomos, il Polo per la Mobilit\u00e0 sostenibile dell&#8217;Universit\u00e0 Sapienza a Cisterna, che lo [&hellip;]<\/p>\n","protected":false},"author":62,"featured_media":216702,"comment_status":"open","ping_status":"open","sticky":false,"template":"","format":"gallery","meta":{"footnotes":""},"categories":[12,2310,2311],"tags":[],"class_list":["post-216698","post","type-post","status-publish","format-gallery","has-post-thumbnail","hentry","category-ambiente","category-audio","category-foto","post_format-post-format-gallery"],"_links":{"self":[{"href":"https:\/\/www.radioluna.it\/news\/wp-json\/wp\/v2\/posts\/216698","targetHints":{"allow":["GET"]}}],"collection":[{"href":"https:\/\/www.radioluna.it\/news\/wp-json\/wp\/v2\/posts"}],"about":[{"href":"https:\/\/www.radioluna.it\/news\/wp-json\/wp\/v2\/types\/post"}],"author":[{"embeddable":true,"href":"https:\/\/www.radioluna.it\/news\/wp-json\/wp\/v2\/users\/62"}],"replies":[{"embeddable":true,"href":"https:\/\/www.radioluna.it\/news\/wp-json\/wp\/v2\/comments?post=216698"}],"version-history":[{"count":0,"href":"https:\/\/www.radioluna.it\/news\/wp-json\/wp\/v2\/posts\/216698\/revisions"}],"wp:featuredmedia":[{"embeddable":true,"href":"https:\/\/www.radioluna.it\/news\/wp-json\/wp\/v2\/media\/216702"}],"wp:attachment":[{"href":"https:\/\/www.radioluna.it\/news\/wp-json\/wp\/v2\/media?parent=216698"}],"wp:term":[{"taxonomy":"category","embeddable":true,"href":"https:\/\/www.radioluna.it\/news\/wp-json\/wp\/v2\/categories?post=216698"},{"taxonomy":"post_tag","embeddable":true,"href":"https:\/\/www.radioluna.it\/news\/wp-json\/wp\/v2\/tags?post=216698"}],"curies":[{"name":"wp","href":"https:\/\/api.w.org\/{rel}","templated":true}]}}