{"id":216748,"date":"2018-02-16T17:19:07","date_gmt":"2018-02-16T16:19:07","guid":{"rendered":"http:\/\/www.radioluna.it\/news\/?p=216748"},"modified":"2018-02-16T17:19:07","modified_gmt":"2018-02-16T16:19:07","slug":"meloni-unificare-il-centrodestra-partendo-da-latina","status":"publish","type":"post","link":"https:\/\/www.radioluna.it\/news\/2018\/02\/meloni-unificare-il-centrodestra-partendo-da-latina\/","title":{"rendered":"Meloni: &#8220;Unificare il centrodestra partendo da Latina&#8221;"},"content":{"rendered":"<div id=\"fb-root\"><\/div>\n<p style=\"text-align: justify;\">\u00abCome ho detto in occasione della presentazione della mia candidatura nel collegio nord della provincia, una volta eletta intendo adottare la citt\u00e0 di Latina per la storia che rappresenta e per gli uomini di centrodestra che l\u2019hanno governata. Il mio obiettivo \u00e8 quello di unificare il centrodestra e rilanciare un\u2019area politica che negli ultimi anni, per le troppe lotte intestine, non ha dato una buona immagine di s\u00e9. Naturalmente non \u00e8 possibile pensare ad un\u2019impresa simile senza coinvolgere chi negli ultimi passati \u00e8 stato il principale punto di riferimento di quest\u2019area politica e di questa comunit\u00e0, andando anche oltre le appartenenze di partito, tanto da risultare uno tra i deputati e i sindaci pi\u00f9 votati e apprezzati d\u2019Italia. Rivolgo, dunque, questo appello a Vincenzo Zaccheo e a tutta la comunit\u00e0 politica che rappresenta, nella consapevolezza che, conoscendone bene il carattere, sin dal giorno dopo le elezioni, mi incalzer\u00e0 per affrontare insieme i temi a lui cari, legati a questa citt\u00e0 e a questa terra meravigliosa\u00bb.<\/p>\n<p style=\"text-align: justify;\">\u00c8 quanto dichiara il presidente di Fratelli d\u2019Italia e candidato premier, Giorgia Meloni.<\/p>\n<p style=\"text-align: justify;\">\u00abC\u2019\u00e8 bisogno\u00a0 &#8211; prosegue &#8211; che le peculiarit\u00e0 di Latina e della sua provincia vengano messe a sistema in un\u2019azione di governo che faccia ripartire l\u2019economia e traini lo sviluppo di questo territorio, riprendendo anche e soprattutto alcuni progetti interrotti e abbandonati. Penso al nuovo polo ospedaliero di Borgo Piave, oggi pi\u00f9 che mai necessario visto il bacino d\u2019utenza e i bisogni della popolazione di tutto l\u2019hinterland: dai Lepini ad Aprilia, che deve contare su di nosocomio come il Santa Maria Goretti ormai vecchio e inadeguato. Penso alla sede di una nuova facolt\u00e0 universitaria d\u2019eccellenza a Palazzo M per ridare vita al centro storico del capoluogo. Penso allo sviluppo della Marina seguendo le linee guide tracciate dal concorso internazionale d\u2019idee lasciato in eredit\u00e0 da chi ha sempre avuto a cuore le sorti della citt\u00e0 e del nostro territorio. Penso al Porto di Foceverde, inserito nel piano della portualit\u00e0 della Regione. E penso anche a tanti altri progetti che giacciono nei cassetti del comune e di cui sta beneficiando anche l\u2019amministrazione di estrema sinistra che oggi governa Latina\u00bb.<\/p>\n<p style=\"text-align: justify;\">\u00abDunque il centrodestra deve fare un grande sforzo per consegnare una prospettiva certa di sviluppo, lavoro, sicurezza e benessere alle nuove generazioni. Il mio non \u00e8 un appello in chiave elettorale ma una richiesta perch\u00e9 possa mettersi al servizio di questa terra e di questa citt\u00e0. Caro Vincenzo, credo fermamente che il tuo impegno possa far bene alla politica, tutta, per quello che rappresenta la tua storia. Oggi posso promettere solo una cosa: Latina, citt\u00e0 simbolo della destra storica, nata dalla bonifica e dalla titanica impresa di quei pionieri che seppero plasmare la natura selvaggia di queste terre, dal 4 marzo in poi sar\u00e0 al centro dei pensieri del nuovo governo di centrodestra della Nazione\u00bb, conclude il presidente di FdI.<\/p>\n","protected":false},"excerpt":{"rendered":"<p>\u00abCome ho detto in occasione della presentazione della mia candidatura nel collegio nord della provincia, una volta eletta intendo adottare la citt\u00e0 di Latina per la storia che rappresenta e per gli uomini di centrodestra che l\u2019hanno governata. Il mio obiettivo \u00e8 quello di unificare il centrodestra e rilanciare un\u2019area politica che negli ultimi anni, [&hellip;]<\/p>\n","protected":false},"author":60,"featured_media":215563,"comment_status":"open","ping_status":"open","sticky":false,"template":"","format":"standard","meta":{"footnotes":""},"categories":[8],"tags":[],"class_list":["post-216748","post","type-post","status-publish","format-standard","has-post-thumbnail","hentry","category-politica"],"_links":{"self":[{"href":"https:\/\/www.radioluna.it\/news\/wp-json\/wp\/v2\/posts\/216748","targetHints":{"allow":["GET"]}}],"collection":[{"href":"https:\/\/www.radioluna.it\/news\/wp-json\/wp\/v2\/posts"}],"about":[{"href":"https:\/\/www.radioluna.it\/news\/wp-json\/wp\/v2\/types\/post"}],"author":[{"embeddable":true,"href":"https:\/\/www.radioluna.it\/news\/wp-json\/wp\/v2\/users\/60"}],"replies":[{"embeddable":true,"href":"https:\/\/www.radioluna.it\/news\/wp-json\/wp\/v2\/comments?post=216748"}],"version-history":[{"count":0,"href":"https:\/\/www.radioluna.it\/news\/wp-json\/wp\/v2\/posts\/216748\/revisions"}],"wp:featuredmedia":[{"embeddable":true,"href":"https:\/\/www.radioluna.it\/news\/wp-json\/wp\/v2\/media\/215563"}],"wp:attachment":[{"href":"https:\/\/www.radioluna.it\/news\/wp-json\/wp\/v2\/media?parent=216748"}],"wp:term":[{"taxonomy":"category","embeddable":true,"href":"https:\/\/www.radioluna.it\/news\/wp-json\/wp\/v2\/categories?post=216748"},{"taxonomy":"post_tag","embeddable":true,"href":"https:\/\/www.radioluna.it\/news\/wp-json\/wp\/v2\/tags?post=216748"}],"curies":[{"name":"wp","href":"https:\/\/api.w.org\/{rel}","templated":true}]}}