{"id":216852,"date":"2018-02-19T11:07:32","date_gmt":"2018-02-19T10:07:32","guid":{"rendered":"http:\/\/www.radioluna.it\/news\/?p=216852"},"modified":"2018-02-19T11:07:32","modified_gmt":"2018-02-19T10:07:32","slug":"bersani-a-latina-aprono-i-canusia","status":"publish","type":"post","link":"https:\/\/www.radioluna.it\/news\/2018\/02\/bersani-a-latina-aprono-i-canusia\/","title":{"rendered":"Bersani a Latina, aprono i Canusia"},"content":{"rendered":"<div id=\"fb-root\"><\/div>\n<p style=\"text-align: justify;\"><strong>LATINA<\/strong> &#8211;\u00a0Mercoled\u00ec 21 febbraio sar\u00e0 a Latina uno dei big della politica nazionale e di Liberi e Uguali: Pierluigi Bersani. Sar\u00e0 nel capoluogo pontino per parlare del progetto che a livello nazionale sostiene il candidato premier Pietro Grasso (e nel Lazio sostiene la ricandidatura di Nicola Zingaretti), e per far conoscere le ragioni e i programmi di LeU in vista delle elezioni politiche e regionali del prossimo 4 marzo. L\u2019appuntamento \u00e8 alle 20:30 al Teatro Moderno di Latina, in Via Sisto V. L\u2019ingresso \u00e8 libero.<\/p>\n<p style=\"text-align: justify;\">Aprir\u00e0 la serata il duo di musica popolare del Lazio, Canus\u00eca (info su www.canusia.it).<\/p>\n<p style=\"text-align: justify;\">Oltre a Bersani, saranno presenti i candidati di Liberi e Uguali: Alfredo D\u2019Attorre (capolista collegio plurinominale Camera-Lazio 2); Loredana De Petris (collegio plurinominale Senato); Tommaso Conti (uninominale Camera Nord) e Maria Rita Manzo (uninominale Camera Sud); Renato Campoli (uninominale Senato); ed i candidati al Consiglio regionale Fabrizio Porcari, Angela Coluzzi, Marino Truini, Pina Naitana, Giuseppe Bortone, Claudia Magliuzzi.<\/p>\n","protected":false},"excerpt":{"rendered":"<p>LATINA &#8211;\u00a0Mercoled\u00ec 21 febbraio sar\u00e0 a Latina uno dei big della politica nazionale e di Liberi e Uguali: Pierluigi Bersani. Sar\u00e0 nel capoluogo pontino per parlare del progetto che a livello nazionale sostiene il candidato premier Pietro Grasso (e nel Lazio sostiene la ricandidatura di Nicola Zingaretti), e per far conoscere le ragioni e i [&hellip;]<\/p>\n","protected":false},"author":60,"featured_media":216856,"comment_status":"open","ping_status":"open","sticky":false,"template":"","format":"standard","meta":{"footnotes":""},"categories":[8],"tags":[],"class_list":["post-216852","post","type-post","status-publish","format-standard","has-post-thumbnail","hentry","category-politica"],"_links":{"self":[{"href":"https:\/\/www.radioluna.it\/news\/wp-json\/wp\/v2\/posts\/216852","targetHints":{"allow":["GET"]}}],"collection":[{"href":"https:\/\/www.radioluna.it\/news\/wp-json\/wp\/v2\/posts"}],"about":[{"href":"https:\/\/www.radioluna.it\/news\/wp-json\/wp\/v2\/types\/post"}],"author":[{"embeddable":true,"href":"https:\/\/www.radioluna.it\/news\/wp-json\/wp\/v2\/users\/60"}],"replies":[{"embeddable":true,"href":"https:\/\/www.radioluna.it\/news\/wp-json\/wp\/v2\/comments?post=216852"}],"version-history":[{"count":0,"href":"https:\/\/www.radioluna.it\/news\/wp-json\/wp\/v2\/posts\/216852\/revisions"}],"wp:featuredmedia":[{"embeddable":true,"href":"https:\/\/www.radioluna.it\/news\/wp-json\/wp\/v2\/media\/216856"}],"wp:attachment":[{"href":"https:\/\/www.radioluna.it\/news\/wp-json\/wp\/v2\/media?parent=216852"}],"wp:term":[{"taxonomy":"category","embeddable":true,"href":"https:\/\/www.radioluna.it\/news\/wp-json\/wp\/v2\/categories?post=216852"},{"taxonomy":"post_tag","embeddable":true,"href":"https:\/\/www.radioluna.it\/news\/wp-json\/wp\/v2\/tags?post=216852"}],"curies":[{"name":"wp","href":"https:\/\/api.w.org\/{rel}","templated":true}]}}