{"id":216934,"date":"2018-02-20T08:43:28","date_gmt":"2018-02-20T07:43:28","guid":{"rendered":"http:\/\/www.radioluna.it\/news\/?p=216934"},"modified":"2018-02-21T12:47:59","modified_gmt":"2018-02-21T11:47:59","slug":"patto-latina-sicura-piu-controllo-per-migliorare-la-vita-dei-cittadini-senza-giustizia-fai-da-te","status":"publish","type":"post","link":"https:\/\/www.radioluna.it\/news\/2018\/02\/patto-latina-sicura-piu-controllo-per-migliorare-la-vita-dei-cittadini-senza-giustizia-fai-da-te\/","title":{"rendered":"Patto Latina Sicura. &#8220;Pi\u00f9 controllo per migliorare la vita dei cittadini senza giustizia fai-da-te&#8221;"},"content":{"rendered":"<div id=\"fb-root\"><\/div>\n<p><iframe loading=\"lazy\" title=\"Luna Notizie, Prefetto Trio, patto Latina Sicura\" width=\"740\" height=\"416\" src=\"https:\/\/www.youtube.com\/embed\/wMhUoeePwhc?feature=oembed\" frameborder=\"0\" allow=\"accelerometer; autoplay; clipboard-write; encrypted-media; gyroscope; picture-in-picture; web-share\" referrerpolicy=\"strict-origin-when-cross-origin\" allowfullscreen><\/iframe><\/p>\n<p style=\"text-align: justify;\"><strong>LATINA<\/strong>\u00a0 &#8211;\u00a0 Pi\u00f9 sicurezza a Latina mettendo insieme le forze, integrando la polizia locale con quella statale e con &#8220;iniziative volte a sostenere la coesione sociale e a promuovere la vivibilit\u00e0 del territorio e la qualit\u00e0 della vita&#8221;. E&#8217; il contenuto e il senso del Patto Latina Sicura, protocollo d&#8217;intesa\u00a0 firmato questa mattina dal prefetto Maria Rosa Trio e dal sindaco Damiano Coletta. &#8220;Non sar\u00e0 solo carta&#8221;, assicura il prefetto Trio sottolineando l&#8217;importanza di adottare &#8220;rinnovati modelli di politiche di sicurezza urbana che integrino le azioni a tutela della sicurezza e dell&#8217;ordine pubblico&#8221;.<\/p>\n<p>ASCOLTA IL PREFETTO TRIO<\/p>\n<audio class=\"wp-audio-shortcode\" id=\"audio-216934-1\" preload=\"none\" style=\"width: 100%;\" controls=\"controls\"><source type=\"audio\/mpeg\" src=\"http:\/\/www.radioluna.it\/news\/wp-content\/uploads\/2018\/02\/PREFETTA-TRIO.mp3?_=1\" \/><a href=\"http:\/\/www.radioluna.it\/news\/wp-content\/uploads\/2018\/02\/PREFETTA-TRIO.mp3\">http:\/\/www.radioluna.it\/news\/wp-content\/uploads\/2018\/02\/PREFETTA-TRIO.mp3<\/a><\/audio>\n<p style=\"text-align: justify;\">In un momento in cui cala la percezione di sicurezza, e il malessere dei cittadini aumenta rischiando di degenerare in azioni fai-da-te che non garantiscono nessuno, le istituzioni fatto quadrato. In quindici punti vengono\u00a0 analizzate tutte le principali criticit\u00e0 e si pongono gli obiettivi da raggiungere e le azioni da svolgere in maniera sinergica tra le istituzioni per cambiare rotta. Azioni antidegrado e di sensibilizzazione, pi\u00f9 controllo contro gli imbrattatori e\u00a0 per frenare il degrado urbano come l&#8217;abusivismo commerciale.\u00a0 \u00a0&#8220;E&#8217; un punto di partenza per dare risposte ai cittadini&#8221;, dice il sindaco Coletta<\/p>\n<p>ASCOLTA IL SINDACO COLETTA<\/p>\n<audio class=\"wp-audio-shortcode\" id=\"audio-216934-2\" preload=\"none\" style=\"width: 100%;\" controls=\"controls\"><source type=\"audio\/mpeg\" src=\"http:\/\/www.radioluna.it\/news\/wp-content\/uploads\/2018\/02\/sindaco.mp3?_=2\" \/><a href=\"http:\/\/www.radioluna.it\/news\/wp-content\/uploads\/2018\/02\/sindaco.mp3\">http:\/\/www.radioluna.it\/news\/wp-content\/uploads\/2018\/02\/sindaco.mp3<\/a><\/audio>\n<p><strong>LEGGI IL DOCUMENTO<\/strong> &#8211;\u00a0<a href=\"http:\/\/www.radioluna.it\/news\/wp-content\/uploads\/2018\/02\/PATTOLATINASICURA2018.pdf\">PATTOLATINASICURA2018<\/a><\/p>\n<p style=\"text-align: justify;\">Presenti alla firma con un ruolo di protagonisti, soprattutto nelle azioni concrete che dal protocollo nasceranno, il questore Carmine Belfiore, il tenente colonnello Pietro Dimiccoli in rappresentanza del comandante provinciale del Carabinieri e il colonnello Michele Bosco comandante provinciale della Guardia di Finanza, la vicesindaca del Comune di Latina e assessora alla sicurezza Paola Briganti e il comandante della Polizia Locale Francesco Passaretti. Il compito operativo spetta a loro che saranno sul campo.<\/p>\n<p style=\"text-align: justify;\"><strong>IL PUNTO QUINDICI<\/strong> &#8211; Uno degli ultimi punti del protocollo, il punto 15, \u00e8 quello che contiene le azioni operative pi\u00f9 vicine, il pi\u00f9 interessante dal punto di vista pratico. &#8220;Per la zona dei pub che ora \u00e8 videosorvegliata si prevede a\u00a0breve la rinnovata istituzione di una sorveglianza fisica con i varchi controllati dalle pattuglie di polizia locale, in attesa che nella seconda parte dell&#8217;anno sia completato il progetto che riguarda l&#8217;installazione di sistemi automatici come i dissuasori&#8221;, spiega l&#8217;assessora alla sicurezza Paola Briganti. &#8220;L&#8217;altra cosa rilevante \u00e8 a breve l&#8217;implementazione della videosorveglianza con i fondi\u00a0 della Regione Lazio gi\u00e0 a disposizione (50mila euro). Per questo\u00a0 &#8211; aggiunge la vicesindaca &#8211; sar\u00e0 aperto un tavolo tecnico con la Questura che ci consentir\u00e0 di capire dove mettere le altre telecamere e come integrare tra loro, al meglio, i sistemi di controllo del territorio gi\u00e0 esistenti&#8221;. Al Nicolosi, in funzione di sensibilizzazione e di presenza, una giornata della sicurezza dar\u00e0 il via alle azioni del protocollo.<\/p>\n<div class=\"radio-posizionamento-telefono-in-articoli-dopo-il-contenuto-articolo radio-entity-placement\" id=\"radio-2163245691\"><div id=\"radio-1432366664\" style=\"width: 300px;height: 250px;\"><a href=\"https:\/\/www.icarspa.it\/auto\/usate\/latina\/\" aria-label=\"banner aprile icar new life &#8211; auto usate latina\"><img loading=\"lazy\" decoding=\"async\" src=\"https:\/\/www.radioluna.it\/news\/wp-content\/uploads\/2026\/02\/banner-aprile-icar-new-life-auto-usate-latina.gif\" alt=\"\"  width=\"300\" height=\"250\"   \/><\/a><\/div><\/div>","protected":false},"excerpt":{"rendered":"<p>LATINA\u00a0 &#8211;\u00a0 Pi\u00f9 sicurezza a Latina mettendo insieme le forze, integrando la polizia locale con quella statale e con &#8220;iniziative volte a sostenere la coesione sociale e a promuovere la vivibilit\u00e0 del territorio e la qualit\u00e0 della vita&#8221;. E&#8217; il contenuto e il senso del Patto Latina Sicura, protocollo d&#8217;intesa\u00a0 firmato questa mattina dal prefetto [&hellip;]<\/p>\n","protected":false},"author":62,"featured_media":216992,"comment_status":"open","ping_status":"open","sticky":false,"template":"","format":"video","meta":{"footnotes":""},"categories":[7],"tags":[],"class_list":["post-216934","post","type-post","status-publish","format-video","has-post-thumbnail","hentry","category-cronaca","post_format-post-format-video"],"_links":{"self":[{"href":"https:\/\/www.radioluna.it\/news\/wp-json\/wp\/v2\/posts\/216934","targetHints":{"allow":["GET"]}}],"collection":[{"href":"https:\/\/www.radioluna.it\/news\/wp-json\/wp\/v2\/posts"}],"about":[{"href":"https:\/\/www.radioluna.it\/news\/wp-json\/wp\/v2\/types\/post"}],"author":[{"embeddable":true,"href":"https:\/\/www.radioluna.it\/news\/wp-json\/wp\/v2\/users\/62"}],"replies":[{"embeddable":true,"href":"https:\/\/www.radioluna.it\/news\/wp-json\/wp\/v2\/comments?post=216934"}],"version-history":[{"count":0,"href":"https:\/\/www.radioluna.it\/news\/wp-json\/wp\/v2\/posts\/216934\/revisions"}],"wp:featuredmedia":[{"embeddable":true,"href":"https:\/\/www.radioluna.it\/news\/wp-json\/wp\/v2\/media\/216992"}],"wp:attachment":[{"href":"https:\/\/www.radioluna.it\/news\/wp-json\/wp\/v2\/media?parent=216934"}],"wp:term":[{"taxonomy":"category","embeddable":true,"href":"https:\/\/www.radioluna.it\/news\/wp-json\/wp\/v2\/categories?post=216934"},{"taxonomy":"post_tag","embeddable":true,"href":"https:\/\/www.radioluna.it\/news\/wp-json\/wp\/v2\/tags?post=216934"}],"curies":[{"name":"wp","href":"https:\/\/api.w.org\/{rel}","templated":true}]}}