{"id":217003,"date":"2018-02-20T16:34:01","date_gmt":"2018-02-20T15:34:01","guid":{"rendered":"http:\/\/www.radioluna.it\/news\/?p=217003"},"modified":"2018-02-20T16:34:01","modified_gmt":"2018-02-20T15:34:01","slug":"nati-per-leggere-100-bambini-in-biblioteca-a-latina-e-allo-scalo","status":"publish","type":"post","link":"https:\/\/www.radioluna.it\/news\/2018\/02\/nati-per-leggere-100-bambini-in-biblioteca-a-latina-e-allo-scalo\/","title":{"rendered":"Nati per leggere, 100 bambini in biblioteca a Latina e allo Scalo"},"content":{"rendered":"<div id=\"fb-root\"><\/div>\n<p style=\"text-align: justify;\"><strong>LATINA &#8211;<\/strong> Continuano gli incontri Nati per Leggere di promozione alla lettura in famiglia nelle Biblioteche comunali di Latina e Latina Scalo a cura delle volontarie del progetto.\u00a0Sabato 17 febbraio oltre cento bambini, accompagnati dai loro genitori e dalle maestre dell&#8217;asilo nido comunale \u201cPiccolo Mondo\u201d di Via degli Aurunci, hanno letto su grandi tappeti morbidi i libri messi a disposizione dalla sede centrale della biblioteca &#8220;Aldo Manuzio&#8221;, mentre nella sede della biblioteca di Latina Scalo volontarie e maestre del nido &#8220;Il Trenino&#8221; hanno accompagnato i bambini nel felice percorso della lettura.<\/p>\n<p style=\"text-align: justify;\">Quest&#8217;anno, data la grande richiesta, \u00e8 sorta la necessit\u00e0 di creare un momento di lettura condivisa anche per i bimbi pi\u00f9 piccoli (fascia 0-3 anni). Dall&#8217;anno scorso, infatti, la biblioteca di Latina in collaborazione con le volontarie NpL ha avviato il progetto \u201cNidi di storie\u201d, un percorso di avvicinamento alla lettura sin da piccoli che ha coinvolto i nidi comunali aderenti. Nella biblioteca Manuzio, per esempio, \u00e8 stato approntato uno spazio completamente dedicato ai bambini e ai ragazzi, con letture adeguate, tappeti morbidi e cuscini per passare del tempo leggendo in comodit\u00e0. Il seme \u00e8 stato piantato, ma sta crescendo grazie anche alla cura delle educatrici dei nidi che hanno dimostrato grande sensibilit\u00e0 e interesse per la lettura.<\/p>\n<p style=\"text-align: justify;\">Cos\u00ec ci racconta una volontaria di Filobus odv, associazione sostenitrice del progetto locale NpL: \u00abSiamo contente che il lavoro di promozione svolto in questi anni si concretizzi anche e soprattutto a scuola dove i bambini trascorrono molto tempo\u00bb. Ad esempio, in continuit\u00e0 con il lavoro gi\u00e0 svolto, nel progetto annuale dell&#8217;asilo nido comunale di Latina \u201cPiccolo mondo\u201d il progetto Nati per Leggere quest&#8217;anno \u00e8 stato inserito a pieno titolo e le educatrici realizzeranno in collaborazione con i bambini della sezione \u201cFarfalle rosse\u201d un quiet book dal titolo \u201cClarissa e la magia dei colori\u201d. \u00abLa lettura quotidiana in aula, \u2013 continua la volontaria &#8211; la frequentazione della biblioteca con il coinvolgimento dei genitori e la realizzazione di un libro da parte dei bambini con materiali di recupero, sono tutte cose che lasceranno un ricordo positivo in questi lettori in erba, che sicuro ameranno i libri anche da grandi\u00bb.<\/p>\n<p style=\"text-align: justify;\">Anche i nidi comunali \u201cBabylandia\u201d e \u201cIl Trenino\u201d hanno inserito il progetto NpL tra le attivit\u00e0 curricolari, organizzando anche attivit\u00e0 laboratoriali relative al progetto e coinvolgendo anche le famiglie nella visita della biblioteca.<\/p>\n<p style=\"text-align: justify;\">Nati per Leggere \u00e8 promosso dall\u2019alleanza tra bibliotecari e pediatri attraverso le seguenti associazioni: l\u2019Associazione Culturale Pediatri\u00a0\u2013 ACP che riunisce tremila pediatri italiani con fini esclusivamente culturali, l\u2019Associazione Italiana Biblioteche \u2013 AIB\u00a0che associa oltre quattromila tra bibliotecari, biblioteche, centri di documentazione, servizi di informazione operanti nei diversi ambiti della professione e il\u00a0Centro per la Salute del Bambino onlus\u00a0\u2013 CSB, che ha come fini statutari attivit\u00e0 di formazione, ricerca e solidariet\u00e0 per l\u2019infanzia.<\/p>\n<p style=\"text-align: justify;\">La\u00a0 Biblioteca comunale \u201cManuzio\u201d di Latina aderisce al programma NpL dal 2015. A livello locale collaborano al progetto volontari, bibliotecari, pediatri, il Distretto Asl2,\u00a0educatori e le associazioni di volontariato Age &#8211; Progetto Andrea Filobus 75 odv.<\/p>\n<p style=\"text-align: justify;\">All&#8217;evento nella biblioteca di Corso della Repubblica ha partecipato anche l&#8217;Assessore alla Cultura e Istruzione Antonella Di Muro. \u00abE\u2019 importante che i bambini fin dalla tenera et\u00e0 familiarizzino con la lettura, \u2013 afferma l\u2019Assessore \u2013 prendano confidenza con l\u2019oggetto libro e imparino a vederlo come qualcosa che \u00e8 parte della loro esistenza. E\u2019 importante che diventi per loro quasi una presenza. Un ringraziamento particolare va alle volontarie Npl che seguono il progetto con dedizione e alle educatrici che si prestano a condividere le attivit\u00e0 promosse nelle biblioteche comunali\u00bb.<\/p>\n<p style=\"text-align: justify;\">Le prossime occasioni sono previste per il 17 marzo e il 14 aprile. Il programma prevede un primo appuntamento alle 10 con &#8220;Bibliococcole&#8221; dedicate ai bambini fino a tre anni; e poi &#8220;Guarda che storie&#8221; con letture per bambini dai tre anni in su. Nati per Leggere accompagner\u00e0 anche il Salone del Libro che si terr\u00e0 a Latina dal 15 al 18 marzo con una postazione fissa a Palazzo Emme.<\/p>\n","protected":false},"excerpt":{"rendered":"<p>LATINA &#8211; Continuano gli incontri Nati per Leggere di promozione alla lettura in famiglia nelle Biblioteche comunali di Latina e Latina Scalo a cura delle volontarie del progetto.\u00a0Sabato 17 febbraio oltre cento bambini, accompagnati dai loro genitori e dalle maestre dell&#8217;asilo nido comunale \u201cPiccolo Mondo\u201d di Via degli Aurunci, hanno letto su grandi tappeti morbidi [&hellip;]<\/p>\n","protected":false},"author":60,"featured_media":0,"comment_status":"open","ping_status":"open","sticky":false,"template":"","format":"standard","meta":{"footnotes":""},"categories":[15],"tags":[],"class_list":["post-217003","post","type-post","status-publish","format-standard","hentry","category-cultura"],"_links":{"self":[{"href":"https:\/\/www.radioluna.it\/news\/wp-json\/wp\/v2\/posts\/217003","targetHints":{"allow":["GET"]}}],"collection":[{"href":"https:\/\/www.radioluna.it\/news\/wp-json\/wp\/v2\/posts"}],"about":[{"href":"https:\/\/www.radioluna.it\/news\/wp-json\/wp\/v2\/types\/post"}],"author":[{"embeddable":true,"href":"https:\/\/www.radioluna.it\/news\/wp-json\/wp\/v2\/users\/60"}],"replies":[{"embeddable":true,"href":"https:\/\/www.radioluna.it\/news\/wp-json\/wp\/v2\/comments?post=217003"}],"version-history":[{"count":0,"href":"https:\/\/www.radioluna.it\/news\/wp-json\/wp\/v2\/posts\/217003\/revisions"}],"wp:attachment":[{"href":"https:\/\/www.radioluna.it\/news\/wp-json\/wp\/v2\/media?parent=217003"}],"wp:term":[{"taxonomy":"category","embeddable":true,"href":"https:\/\/www.radioluna.it\/news\/wp-json\/wp\/v2\/categories?post=217003"},{"taxonomy":"post_tag","embeddable":true,"href":"https:\/\/www.radioluna.it\/news\/wp-json\/wp\/v2\/tags?post=217003"}],"curies":[{"name":"wp","href":"https:\/\/api.w.org\/{rel}","templated":true}]}}