{"id":217180,"date":"2018-02-22T12:28:25","date_gmt":"2018-02-22T11:28:25","guid":{"rendered":"http:\/\/www.radioluna.it\/news\/?p=217180"},"modified":"2018-02-23T05:01:31","modified_gmt":"2018-02-23T04:01:31","slug":"bees-make-love-to-flowers-il-nuovo-ep-di-roberto-ventimiglia","status":"publish","type":"post","link":"https:\/\/www.radioluna.it\/news\/2018\/02\/bees-make-love-to-flowers-il-nuovo-ep-di-roberto-ventimiglia\/","title":{"rendered":"&#8220;Bees Make Love To Flowers&#8221; di Roberto Ventimiglia"},"content":{"rendered":"<div id=\"fb-root\"><\/div>\n<p style=\"text-align: justify;\">Azzerare, ripartire da s\u00e9 stessi, con s\u00e9 stessi e per s\u00e9 stessi, l\u2019ambiente domestico ed il concetto di rapporto come \u2018branco\u2019 o \u2018alveare\u2019: queste le coordinate materiali ed estetiche dell\u2019\u00a0a proprio nome di\u00a0, musicista laziale\u00a0gi\u00e0 attivo tra indie rock e classica&lt;Registrato autonomamente in casa\u00a0in economia di forze e mezzi, ma ideato e scritto nel periodo tra maggio e settembre 2017 tra la provincia pontina (Aprilia, Latina), la citt\u00e0 di Torino e la dimensione metropolitana britannica (Londra, UK), l\u2019EP\u00a0Bees Make Love to Flowers\u00a0raccoglie sei bozzetti acustici alternando registri emotivi tra delusione e consolazione, sentimenti pi\u00f9 o meno corrisposti, ragionamento a voce alta e passione platonica: una costante ricerca della dimensione a due che ha il proprio riflesso nell\u2019elezione della\u00a0lingua inglese\u00a0a primo mezzo espressivo accanto all\u2019italiano di tutti i giorni, oltre che della\u00a0chitarra acustica come unico sostegno alla voce. La sostanziale concisione di forme e durate \u2013 metafora del biglietto scritto di getto \u2013 \u00e8 un contrappunto alla scelta delle api come simbolo di amore e cura infaticabili, ritratte nel loro spavento per i tosaerba degli umani e tuttavia sempre rischiosamente innamorate dei fiori (\u201cfrightened by lawn mowers, but still in love with flowers\u201d, come recita la title track). La miope aspirazione ad un sentimento \u2018grande\u2019 che rischia di mettere in ombra dettagli solo in apparenza pi\u00f9 minuti \u00e8 una delle prime preoccupazioni dei testi, riassunta nella figura di chi rinuncia a recidere un fiore per rispettarne l\u2019importanza agli occhi del piccolo insetto (\u201ctrue lovers use no mowers, \u2018cause bees make love to flowers\u201d, dal brano gi\u00e0 citato).<\/p>\n<div dir=\"ltr\">\n<p style=\"text-align: justify;\" align=\"JUSTIFY\">L\u2019attitudine della proposta \u00e8\u00a0<b>omaggio<\/b>\u00a0a simboli e vicende di certo\u00a0<b>minimalismo tendente al lo-fi<\/b>\u00a0proprio della lunga e varia tradizione dell\u2019incisione domestica, dal\u00a0<b>Bruce Springsteen di\u00a0<\/b><b>Nebraska<\/b>\u00a0al primo\u00a0<b>Elliott Smith<\/b>, dalle stanze d\u2019albergo occasionalmente adibite a studio da\u00a0<b>John Lennon<\/b>\u00a0o<b>\u00a0Jackson Browne<\/b>\u00a0ai tapes di\u00a0<b>Dylan &amp; The Band<\/b>\u00a0e oltre, chitarra alla mano e urgenza di comunicare, dove si pu\u00f2, come si pu\u00f2&#8230;<\/p>\n<p style=\"text-align: justify;\" align=\"JUSTIFY\">Ascolta l&#8217;intervista:<\/p>\n<audio class=\"wp-audio-shortcode\" id=\"audio-217180-1\" preload=\"none\" style=\"width: 100%;\" controls=\"controls\"><source type=\"audio\/mpeg\" src=\"http:\/\/www.radioluna.it\/news\/wp-content\/uploads\/2018\/02\/Roberto-Ventimiglia.mp3?_=1\" \/><a href=\"http:\/\/www.radioluna.it\/news\/wp-content\/uploads\/2018\/02\/Roberto-Ventimiglia.mp3\">http:\/\/www.radioluna.it\/news\/wp-content\/uploads\/2018\/02\/Roberto-Ventimiglia.mp3<\/a><\/audio>\n<\/div>\n<div class=\"radio-posizionamento-telefono-in-articoli-dopo-il-contenuto-articolo radio-entity-placement\" id=\"radio-3744741257\"><div id=\"radio-3527164218\"><a href=\"https:\/\/grupporedi.it\/\" aria-label=\"Redi-Qr\"><img loading=\"lazy\" decoding=\"async\" src=\"https:\/\/www.radioluna.it\/news\/wp-content\/uploads\/2026\/03\/Redi-Qr.jpg\" alt=\"\"  srcset=\"https:\/\/www.radioluna.it\/news\/wp-content\/uploads\/2026\/03\/Redi-Qr.jpg 800w, https:\/\/www.radioluna.it\/news\/wp-content\/uploads\/2026\/03\/Redi-Qr-768x639.jpg 768w\" sizes=\"(max-width: 800px) 100vw, 800px\" width=\"300\" height=\"250\"   \/><\/a><\/div><\/div>","protected":false},"excerpt":{"rendered":"<p>Azzerare, ripartire da s\u00e9 stessi, con s\u00e9 stessi e per s\u00e9 stessi, l\u2019ambiente domestico ed il concetto di rapporto come \u2018branco\u2019 o \u2018alveare\u2019: queste le coordinate materiali ed estetiche dell\u2019\u00a0a proprio nome di\u00a0, musicista laziale\u00a0gi\u00e0 attivo tra indie rock e classica&lt;Registrato autonomamente in casa\u00a0in economia di forze e mezzi, ma ideato e scritto nel periodo [&hellip;]<\/p>\n","protected":false},"author":60,"featured_media":217183,"comment_status":"open","ping_status":"open","sticky":false,"template":"","format":"standard","meta":{"footnotes":""},"categories":[2310,2439],"tags":[],"class_list":["post-217180","post","type-post","status-publish","format-standard","has-post-thumbnail","hentry","category-audio","category-radioluna"],"_links":{"self":[{"href":"https:\/\/www.radioluna.it\/news\/wp-json\/wp\/v2\/posts\/217180","targetHints":{"allow":["GET"]}}],"collection":[{"href":"https:\/\/www.radioluna.it\/news\/wp-json\/wp\/v2\/posts"}],"about":[{"href":"https:\/\/www.radioluna.it\/news\/wp-json\/wp\/v2\/types\/post"}],"author":[{"embeddable":true,"href":"https:\/\/www.radioluna.it\/news\/wp-json\/wp\/v2\/users\/60"}],"replies":[{"embeddable":true,"href":"https:\/\/www.radioluna.it\/news\/wp-json\/wp\/v2\/comments?post=217180"}],"version-history":[{"count":0,"href":"https:\/\/www.radioluna.it\/news\/wp-json\/wp\/v2\/posts\/217180\/revisions"}],"wp:featuredmedia":[{"embeddable":true,"href":"https:\/\/www.radioluna.it\/news\/wp-json\/wp\/v2\/media\/217183"}],"wp:attachment":[{"href":"https:\/\/www.radioluna.it\/news\/wp-json\/wp\/v2\/media?parent=217180"}],"wp:term":[{"taxonomy":"category","embeddable":true,"href":"https:\/\/www.radioluna.it\/news\/wp-json\/wp\/v2\/categories?post=217180"},{"taxonomy":"post_tag","embeddable":true,"href":"https:\/\/www.radioluna.it\/news\/wp-json\/wp\/v2\/tags?post=217180"}],"curies":[{"name":"wp","href":"https:\/\/api.w.org\/{rel}","templated":true}]}}