{"id":217193,"date":"2018-02-22T15:49:08","date_gmt":"2018-02-22T14:49:08","guid":{"rendered":"http:\/\/www.radioluna.it\/news\/?p=217193"},"modified":"2018-02-22T15:49:08","modified_gmt":"2018-02-22T14:49:08","slug":"m5s-raffaele-trano-a-sabaudia","status":"publish","type":"post","link":"https:\/\/www.radioluna.it\/news\/2018\/02\/m5s-raffaele-trano-a-sabaudia\/","title":{"rendered":"M5S, Raffaele Trano a Sabaudia"},"content":{"rendered":"<div id=\"fb-root\"><\/div>\n<p style=\"text-align: justify;\"><strong>LATINA<\/strong> &#8211;\u00a0Raffaele Trano, candidato alla Camera dei Deputati nel collegio uninominale di Terracina per il MoVimento 5 Stelle, ha incontrato gli attivisti locali per prendere piena coscienza delle esigenze del territorio e affrontare i problemi della zona. Primo fra tutti, l&#8217;erosione costiera: &#8220;La situazione \u00e8 critica \u2013 ha detto Massimiliano Fantini \u2013 attivista del Meetup di Sabaudia \u2013 e non c&#8217;\u00e8 un vero e proprio piano per migliorare la situazione. In questi anni non \u00e8 stato fatto nulla, serve agire al pi\u00f9 presto&#8221;.<br \/>\n&#8220;Il MoVimento 5 Stelle \u2013 ha detto Raffaele Trano \u2013 ha a cuore la valorizzazione di questo territorio e lo sviluppo delle attivit\u00e0 economiche che sono importantissime per la zona: le spiagge, il mare, le fantastiche dune che al momento sono in pericolo. Abbiamo un programma serio per rilanciare l&#8217;occupazione, soprattutto quella giovanile, di tutto il territorio. Il 4 marzo, per questi motivi, serve una scelta di cambiamento per ridare lustro anche al turismo e alle piccole e medie imprese di Sabaudia&#8221;.<\/p>\n","protected":false},"excerpt":{"rendered":"<p>LATINA &#8211;\u00a0Raffaele Trano, candidato alla Camera dei Deputati nel collegio uninominale di Terracina per il MoVimento 5 Stelle, ha incontrato gli attivisti locali per prendere piena coscienza delle esigenze del territorio e affrontare i problemi della zona. Primo fra tutti, l&#8217;erosione costiera: &#8220;La situazione \u00e8 critica \u2013 ha detto Massimiliano Fantini \u2013 attivista del Meetup [&hellip;]<\/p>\n","protected":false},"author":60,"featured_media":217194,"comment_status":"open","ping_status":"open","sticky":false,"template":"","format":"standard","meta":{"footnotes":""},"categories":[8],"tags":[],"class_list":["post-217193","post","type-post","status-publish","format-standard","has-post-thumbnail","hentry","category-politica"],"_links":{"self":[{"href":"https:\/\/www.radioluna.it\/news\/wp-json\/wp\/v2\/posts\/217193","targetHints":{"allow":["GET"]}}],"collection":[{"href":"https:\/\/www.radioluna.it\/news\/wp-json\/wp\/v2\/posts"}],"about":[{"href":"https:\/\/www.radioluna.it\/news\/wp-json\/wp\/v2\/types\/post"}],"author":[{"embeddable":true,"href":"https:\/\/www.radioluna.it\/news\/wp-json\/wp\/v2\/users\/60"}],"replies":[{"embeddable":true,"href":"https:\/\/www.radioluna.it\/news\/wp-json\/wp\/v2\/comments?post=217193"}],"version-history":[{"count":0,"href":"https:\/\/www.radioluna.it\/news\/wp-json\/wp\/v2\/posts\/217193\/revisions"}],"wp:featuredmedia":[{"embeddable":true,"href":"https:\/\/www.radioluna.it\/news\/wp-json\/wp\/v2\/media\/217194"}],"wp:attachment":[{"href":"https:\/\/www.radioluna.it\/news\/wp-json\/wp\/v2\/media?parent=217193"}],"wp:term":[{"taxonomy":"category","embeddable":true,"href":"https:\/\/www.radioluna.it\/news\/wp-json\/wp\/v2\/categories?post=217193"},{"taxonomy":"post_tag","embeddable":true,"href":"https:\/\/www.radioluna.it\/news\/wp-json\/wp\/v2\/tags?post=217193"}],"curies":[{"name":"wp","href":"https:\/\/api.w.org\/{rel}","templated":true}]}}