{"id":217196,"date":"2018-02-22T15:53:48","date_gmt":"2018-02-22T14:53:48","guid":{"rendered":"http:\/\/www.radioluna.it\/news\/?p=217196"},"modified":"2018-04-07T02:58:35","modified_gmt":"2018-04-07T00:58:35","slug":"le-proposte-di-marchiella-fdi-per-rilanciare-il-turismo","status":"publish","type":"post","link":"https:\/\/www.radioluna.it\/news\/2018\/02\/le-proposte-di-marchiella-fdi-per-rilanciare-il-turismo\/","title":{"rendered":"Le proposte di Marchiella (FdI )per rilanciare il turismo\u00a0\u00a0"},"content":{"rendered":"<div id=\"fb-root\"><\/div>\n<p style=\"text-align: justify;\"><strong>LATINA<\/strong> &#8211;\u00a0 Il turismo, un enorme potenziale inespresso del territorio provinciale. Lo sviluppo di questo settore \u00e8 uno dei punti fermi nel programma di Andrea Marchiella, consigliere comunale di Latina e candidato al Consiglio Regionale. L\u2019esponente di Fratelli d\u2019Italia non intende per\u00f2 aspettare la realizzazione delle grandi infrastrutture per auspicare dei risultati concreti e a breve termine: meglio puntare alle soluzioni immediate, partendo dalle risorse di cui gi\u00e0 si dispone. \u201cInnanzitutto \u00e8 opportuno potenziare il primo, fondamentale punto di contatto con i tour operator: le guide turistiche. Ad oggi il Lazio pu\u00f2 contare sul prezioso apporto di almeno settemila professionisti, compresi gli interpreti e gli accompagnatori. In provincia ne sono attivi circa 150, ma non \u00e8 solo il loro numero esiguo il problema: l\u2019attivit\u00e0 di questi operatori, incaricati di svolgere un servizio pubblico, \u00e8 regolamentata da una normativa lacunosa e obsoleta, spesso esposta al rischio dell\u2019abusivismo professionale e della pura improvvisazione. E\u2019 necessario invece disciplinare l\u2019accesso alla professione, attivando un sistema di controllo e definendo un percorso di formazione e continuo aggiornamento: mi riferisco ai corsi di lingua e alla preparazione culturale, ma anche alla conoscenza delle leggi, agli adempimenti fiscali e alla sicurezza. A tal proposito credo che le guide vadano istruite sul primo soccorso, ricorrendo ad una sinergia con altre realt\u00e0, Protezione Civile in primis\u201d. Secondo Marchiella sono questi i presupposti per un\u2019iniziativa da proporre in tempi brevi alla Pisana: \u201cSarebbe fondamentale elaborare un piano di assistenza turistica, requisito irrinunciabile per mostrare al mondo le bellezze del nostro territorio. Un piano che prenda spunto da una conferenza dei servizi, con il coinvolgimento di tutti i Comuni della provincia di Latina: sarebbe questa l\u2019occasione ideale per individuare i servizi e gli spazi che ogni ente \u00e8 in grado di mettere a disposizione. Penso prima di tutto alla viabilit\u00e0 e alle aree di sosta: in un sistema pienamente condiviso non sarebbe cos\u00ec difficile individuare dei parcheggi per l\u2019impiego di navette, riducendo i problemi di traffico e di parcheggio e rendendo pi\u00f9 comodo il trasferimento verso le nostre bellezze o nei luoghi dei grandi eventi dei quali andiamo fieri\u201d. In tema di portualit\u00e0, infine, non servono chiss\u00e0 quali investimenti e chiss\u00e0 quali tempi di attesa: \u201cLa mia idea \u00e8 dotare l\u2019approdo di Rio Martino di un servizio di collegamento quotidiano con Ponza. Con una spesa di appena 200mila euro la Regione potrebbe finanziare l\u2019acquisto di un mini aliscafo per il trasporto di 40 passeggeri: tale novit\u00e0 permetterebbe ai ponzesi un filo diretto con il capoluogo, ma allo stesso tempo assicurerebbe alla zona dei Lepini e all\u2019area nord della provincia un servizio al momento attivo nel solo comprensorio meridionale. A quella cifra, tra l\u2019altro, esistono delle imbarcazioni all\u2019avanguardia, dotate di altalena elettrica per il sollevamento e il trasferimento in acqua dei diversamente abili: penso ai viaggi verso il mare delle nostre isole che potremmo assicurare a queste persone, magari con il coinvolgimento di volontari e cooperative sociali\u201d.<\/p>\n","protected":false},"excerpt":{"rendered":"<p>LATINA &#8211;\u00a0 Il turismo, un enorme potenziale inespresso del territorio provinciale. Lo sviluppo di questo settore \u00e8 uno dei punti fermi nel programma di Andrea Marchiella, consigliere comunale di Latina e candidato al Consiglio Regionale. L\u2019esponente di Fratelli d\u2019Italia non intende per\u00f2 aspettare la realizzazione delle grandi infrastrutture per auspicare dei risultati concreti e a [&hellip;]<\/p>\n","protected":false},"author":60,"featured_media":217199,"comment_status":"open","ping_status":"open","sticky":false,"template":"","format":"standard","meta":{"footnotes":""},"categories":[8],"tags":[],"class_list":["post-217196","post","type-post","status-publish","format-standard","has-post-thumbnail","hentry","category-politica"],"_links":{"self":[{"href":"https:\/\/www.radioluna.it\/news\/wp-json\/wp\/v2\/posts\/217196","targetHints":{"allow":["GET"]}}],"collection":[{"href":"https:\/\/www.radioluna.it\/news\/wp-json\/wp\/v2\/posts"}],"about":[{"href":"https:\/\/www.radioluna.it\/news\/wp-json\/wp\/v2\/types\/post"}],"author":[{"embeddable":true,"href":"https:\/\/www.radioluna.it\/news\/wp-json\/wp\/v2\/users\/60"}],"replies":[{"embeddable":true,"href":"https:\/\/www.radioluna.it\/news\/wp-json\/wp\/v2\/comments?post=217196"}],"version-history":[{"count":0,"href":"https:\/\/www.radioluna.it\/news\/wp-json\/wp\/v2\/posts\/217196\/revisions"}],"wp:featuredmedia":[{"embeddable":true,"href":"https:\/\/www.radioluna.it\/news\/wp-json\/wp\/v2\/media\/217199"}],"wp:attachment":[{"href":"https:\/\/www.radioluna.it\/news\/wp-json\/wp\/v2\/media?parent=217196"}],"wp:term":[{"taxonomy":"category","embeddable":true,"href":"https:\/\/www.radioluna.it\/news\/wp-json\/wp\/v2\/categories?post=217196"},{"taxonomy":"post_tag","embeddable":true,"href":"https:\/\/www.radioluna.it\/news\/wp-json\/wp\/v2\/tags?post=217196"}],"curies":[{"name":"wp","href":"https:\/\/api.w.org\/{rel}","templated":true}]}}