{"id":217230,"date":"2018-02-22T20:17:23","date_gmt":"2018-02-22T19:17:23","guid":{"rendered":"http:\/\/www.radioluna.it\/news\/?p=217230"},"modified":"2018-02-23T10:28:25","modified_gmt":"2018-02-23T09:28:25","slug":"mensa-scolastica-difficile-per-i-bimbi-autistici-un-percorso-per-renderla-accogliente","status":"publish","type":"post","link":"https:\/\/www.radioluna.it\/news\/2018\/02\/mensa-scolastica-difficile-per-i-bimbi-autistici-un-percorso-per-renderla-accogliente\/","title":{"rendered":"Mensa scolastica difficile per i bimbi autistici, un percorso per renderla accogliente"},"content":{"rendered":"<div id=\"fb-root\"><\/div>\n<p style=\"text-align: justify;\"><strong>LATINA<\/strong> &#8211;\u00a0Molto spesso le famiglie con bambini autistici scelgono di non mandarli alla mensa scolastica perch\u00e9 l&#8217;ambiente pu\u00f2 risultare ostile. Una scelta obbligata che comporta la rinuncia per i piccoli, non solo ad una parte dell&#8217;orario scolastico, ma soprattutto a un importante momento conviviale, di contatto e di scambio, come pu\u00f2 essere pranzare insieme ai loro coetanei. E&#8217; per questo che l&#8217;associazione LatinaAutismo ha voluto organizzare un pranzo aperto agli insegnanti, con la partecipazione di mamme ed esperti, coinvolgendo il Comune. L&#8217;iniziativa \u00e8 stata ospitata dalla scuola dell&#8217;infanzia dell&#8217;Istituto comprensivo &#8220;Don Milani&#8221; di Latina, ma \u00e8 solo la prima di un percorso.<\/p>\n<p style=\"text-align: justify;\">&#8220;L&#8217;idea &#8211; spiega Monia Magliocco, mamma di un bambino affetto dal disturbo e presidente della giovane e attivissima associazione &#8211; \u00e8 quella di illustrare il sovraccarico delle stimolazioni sensoriali e ambientali che vive tutti i giorni un bambino autistico: i rumori, gli odori, la consistenza , il sapore delle pietanze e i tempi spesso ristretti sono fattori che rendono difficile l&#8217;inclusione scolastica per i bambini affetti da un cosi grave deficit. Il momento della mensa \u00e8 fondamentale per\u00f2 per promuovere le interazioni sociali, ampliare le autonomie personali e favorire la generalizzazione degli apprendimenti. Noi sappiamo infatti &#8211; conclude la dottoressa Magliocco\u00a0 &#8211; che questi bambini se adeguatamente stimolati possono dare tantissimo&#8221;.<\/p>\n<p>ASCOLTA MONIA E L&#8217;ASSESSORA CICCARELLI<\/p>\n<audio class=\"wp-audio-shortcode\" id=\"audio-217230-1\" preload=\"none\" style=\"width: 100%;\" controls=\"controls\"><source type=\"audio\/mpeg\" src=\"http:\/\/www.radioluna.it\/news\/wp-content\/uploads\/2018\/02\/mamma-con-assessora-ciccarelli.mp3?_=1\" \/><a href=\"http:\/\/www.radioluna.it\/news\/wp-content\/uploads\/2018\/02\/mamma-con-assessora-ciccarelli.mp3\">http:\/\/www.radioluna.it\/news\/wp-content\/uploads\/2018\/02\/mamma-con-assessora-ciccarelli.mp3<\/a><\/audio>\n<p style=\"text-align: justify;\">In mensa, con la dirigente scolastica della Don Milani, Marina Palombo e la\u00a0 direttrice amministrativa della scuola, Sandra Pettinelli, e con le mamme dell&#8217;associazione Monia Magliocco, Paola Scalfati e Laura Ricci (rispettivamente presidente, vicepresidente e segretaria dell&#8217;associazione Latinautismo Onlus) si sono seduti oggi, per questa esperienza, l&#8217;assessora alle politiche sociali Patrizia Ciccarelli, la dirigente del settore Grazia De Simone, la dottoressa\u00a0 Di Giovannantonio coordinatrice dell&#8217;integrazione scolastica della coop Osa che gestisce il servizio per conto del Comune e il coordinatore generale di Osa, dottor Taddeo.\u00a0 Davanti a loro l&#8217;esperto della terapia Aba per l&#8217;autismo Vincenzo Vuolo.<\/p>\n<p>ASCOLTA LA DIRIGENTE<\/p>\n<audio class=\"wp-audio-shortcode\" id=\"audio-217230-2\" preload=\"none\" style=\"width: 100%;\" controls=\"controls\"><source type=\"audio\/mpeg\" src=\"http:\/\/www.radioluna.it\/news\/wp-content\/uploads\/2018\/02\/marina-palumbo.mp3?_=2\" \/><a href=\"http:\/\/www.radioluna.it\/news\/wp-content\/uploads\/2018\/02\/marina-palumbo.mp3\">http:\/\/www.radioluna.it\/news\/wp-content\/uploads\/2018\/02\/marina-palumbo.mp3<\/a><\/audio>\n<p style=\"text-align: justify;\">&#8220;Ringraziamo\u00a0 &#8211; dicono dall&#8217;associazione Latinautismo\u00a0 &#8211; l&#8217;Istituto Comprensivo Don Milani per la disponibilit\u00e0 e sensibilit\u00e0 verso una disabilit\u00e0 come l&#8217;Autismo le cui diagnosi sono notevolmente aumentate negli ultimi anni (1 caso ogni 68 bambini) e per la quale occorrono specifiche formazioni professionali ed in continuo aggiornamento&#8221;.<\/p>\n<p>PAROLA AI TECNICI, DOTTO TADDEO E VUOLO<\/p>\n<audio class=\"wp-audio-shortcode\" id=\"audio-217230-3\" preload=\"none\" style=\"width: 100%;\" controls=\"controls\"><source type=\"audio\/mpeg\" src=\"http:\/\/www.radioluna.it\/news\/wp-content\/uploads\/2018\/02\/professore-ass-osa.mp3?_=3\" \/><a href=\"http:\/\/www.radioluna.it\/news\/wp-content\/uploads\/2018\/02\/professore-ass-osa.mp3\">http:\/\/www.radioluna.it\/news\/wp-content\/uploads\/2018\/02\/professore-ass-osa.mp3<\/a><\/audio>\n<audio class=\"wp-audio-shortcode\" id=\"audio-217230-4\" preload=\"none\" style=\"width: 100%;\" controls=\"controls\"><source type=\"audio\/mpeg\" src=\"http:\/\/www.radioluna.it\/news\/wp-content\/uploads\/2018\/02\/terapista.mp3?_=4\" \/><a href=\"http:\/\/www.radioluna.it\/news\/wp-content\/uploads\/2018\/02\/terapista.mp3\">http:\/\/www.radioluna.it\/news\/wp-content\/uploads\/2018\/02\/terapista.mp3<\/a><\/audio>\n<p>&nbsp;<\/p>\n<div class=\"radio-posizionamento-telefono-in-articoli-dopo-il-contenuto-articolo radio-entity-placement\" id=\"radio-2683720902\"><div id=\"radio-2363228450\"><a href=\"https:\/\/www.simeoneceramiche.com\/\" aria-label=\"SIMEONE CERAMICHE GIF animata per radioluna_Tavola disegno 1 copia 2 (online-video-cutter.com)\"><img loading=\"lazy\" decoding=\"async\" src=\"https:\/\/www.radioluna.it\/news\/wp-content\/uploads\/2025\/05\/SIMEONE-CERAMICHE-GIF-animata-per-radioluna_Tavola-disegno-1-copia-2-online-video-cutter.com_.gif\" alt=\"\"  width=\"300\" height=\"250\"   \/><\/a><\/div><\/div>","protected":false},"excerpt":{"rendered":"<p>LATINA &#8211;\u00a0Molto spesso le famiglie con bambini autistici scelgono di non mandarli alla mensa scolastica perch\u00e9 l&#8217;ambiente pu\u00f2 risultare ostile. Una scelta obbligata che comporta la rinuncia per i piccoli, non solo ad una parte dell&#8217;orario scolastico, ma soprattutto a un importante momento conviviale, di contatto e di scambio, come pu\u00f2 essere pranzare insieme ai [&hellip;]<\/p>\n","protected":false},"author":62,"featured_media":217231,"comment_status":"open","ping_status":"open","sticky":false,"template":"","format":"standard","meta":{"footnotes":""},"categories":[2310,248],"tags":[],"class_list":["post-217230","post","type-post","status-publish","format-standard","has-post-thumbnail","hentry","category-audio","category-istruzione"],"_links":{"self":[{"href":"https:\/\/www.radioluna.it\/news\/wp-json\/wp\/v2\/posts\/217230","targetHints":{"allow":["GET"]}}],"collection":[{"href":"https:\/\/www.radioluna.it\/news\/wp-json\/wp\/v2\/posts"}],"about":[{"href":"https:\/\/www.radioluna.it\/news\/wp-json\/wp\/v2\/types\/post"}],"author":[{"embeddable":true,"href":"https:\/\/www.radioluna.it\/news\/wp-json\/wp\/v2\/users\/62"}],"replies":[{"embeddable":true,"href":"https:\/\/www.radioluna.it\/news\/wp-json\/wp\/v2\/comments?post=217230"}],"version-history":[{"count":0,"href":"https:\/\/www.radioluna.it\/news\/wp-json\/wp\/v2\/posts\/217230\/revisions"}],"wp:featuredmedia":[{"embeddable":true,"href":"https:\/\/www.radioluna.it\/news\/wp-json\/wp\/v2\/media\/217231"}],"wp:attachment":[{"href":"https:\/\/www.radioluna.it\/news\/wp-json\/wp\/v2\/media?parent=217230"}],"wp:term":[{"taxonomy":"category","embeddable":true,"href":"https:\/\/www.radioluna.it\/news\/wp-json\/wp\/v2\/categories?post=217230"},{"taxonomy":"post_tag","embeddable":true,"href":"https:\/\/www.radioluna.it\/news\/wp-json\/wp\/v2\/tags?post=217230"}],"curies":[{"name":"wp","href":"https:\/\/api.w.org\/{rel}","templated":true}]}}