{"id":217316,"date":"2018-02-24T08:03:18","date_gmt":"2018-02-24T07:03:18","guid":{"rendered":"http:\/\/www.radioluna.it\/news\/?p=217316"},"modified":"2018-02-24T08:03:18","modified_gmt":"2018-02-24T07:03:18","slug":"fondi-istituito-il-museo-del-neorealismo","status":"publish","type":"post","link":"https:\/\/www.radioluna.it\/news\/2018\/02\/fondi-istituito-il-museo-del-neorealismo\/","title":{"rendered":"Fondi, istituito il museo del neorealismo"},"content":{"rendered":"<div id=\"fb-root\"><\/div>\n<p style=\"text-align: justify;\"><strong>FONDI &#8211;<\/strong> E\u2019 stata approvata la delibera di Giunta che istituisce il Museo del Neorealismo a Fondi presso l\u2019ex convento di San Domenico, su proposta dell\u2019Assessore alla Cultura e Politiche giovanili, Lidia Ravera di concerto con l\u2019Assessore al Bilancio, Patrimonio e Demanio, Alessandra Sartore \u00a0e l\u2019Assessore all\u2019Ambiente, Mauro Buschini. La delibera d\u00e0 seguito a una norma contenuta nel Collegato 2017 approvato dal Consiglio regionale lo scorso agosto. Il nuovo centro di interesse e promozione culturale realizzato all\u2019interno del complesso conventuale costruito intorno al XIII secolo sopra le preesistenze di un teatro romano, si impegner\u00e0 nella conservazione e acquisizione di materiali per documentare e valorizzare il movimento cinematografico del Neorealismo e il ruolo svolto da Giuseppe De Santis. Il museo entrer\u00e0 a far parte dell\u2019organizzazione museale regionale (che comprende 148 musei) e dei 14 sistemi museali territoriali e tematici, una volta rispettati i requisiti minimi previsti.<\/p>\n<p style=\"text-align: justify;\">\u201cAbbiamo messo, finalmente, le basi per aprire a Fondi, nel cuore del parco degli Ausoni, il Museo del Neorealismo &#8211; ha dichiarato Lidia Ravera &#8211; grazie alla collaborazione con gli assessori Buschini e Sartore. La vicenda si trascinava da un decennio, fra opposti veti e lentezze paralizzanti. Di aprire il museo l\u2019avevamo promesso a Ettore Scola che era venuto, in Regione, pochi mesi prima di andarsene, a raccomandare che si facessero ripartire i lavori, perch\u00e8 il neorealismo \u00e8 il fenomeno pi\u00f9 importante e \u00a0internazionalmente riconosciuto della storia del cinema, italiano e non solo. Perch\u00e8 Fondi \u00e8 la patria di Giuseppe de Santis che il neorealismo l\u2019ha fondato. Perch\u00e8 verranno studiosi da tutto il mondo a visitare il Museo e questo far\u00e0 bene all\u2019economia di quella zona. Oggi \u00e8 stata approvata la delibera che istituisce il Museo autorizzando la societ\u00e0 Lazio Crea a fare un studio di fattibilit\u00e0 e poi finanziare la prima fase. Da qui in avanti tutto proceder\u00e0 speditamente. Sar\u00e0 importante far conoscere ai giovani quella che \u00e8 stata una vera e propria rivoluzione, estetica e filosofica e politica: lavorare con la realt\u00e0, dare un volto e una voce, al popolo italiano\u201d. Con la delibera, la Regione Lazio autorizza la societ\u00e0 Laziocrea (incaricata di attuare il programma di valorizzazione del patrimonio storico culturale regionale nell\u2019ambito della campagna Art bonus Regione Lazio) ad effettuare uno studio di fattibilit\u00e0 tecnico economico e un progetto di gestione economica del Museo e autorizza la copertura finanziaria per tale intervento nell\u2019ambito delle risorse economiche gi\u00e0 assegnate a Laziocrea. Il Museo si svilupper\u00e0 su quattro sale, di cui una al piano terra, gi\u00e0 realizzata e destinata alle proiezioni cinematografiche, con una capienza di circa 80 posti e si articoler\u00e0 in tre sezioni di una dedicata alle attrezzature di scena e dei laboratori cinematografici. Il Museo prevede spazi dedicati a laboratori, aule per la formazione e le attivit\u00e0 educative, per la lettura e consultazione di saggi e riviste, per l\u2019ascolto e la visione di materiale audiovisivo.<\/p>\n<p>&nbsp;<\/p>\n","protected":false},"excerpt":{"rendered":"<p>FONDI &#8211; E\u2019 stata approvata la delibera di Giunta che istituisce il Museo del Neorealismo a Fondi presso l\u2019ex convento di San Domenico, su proposta dell\u2019Assessore alla Cultura e Politiche giovanili, Lidia Ravera di concerto con l\u2019Assessore al Bilancio, Patrimonio e Demanio, Alessandra Sartore \u00a0e l\u2019Assessore all\u2019Ambiente, Mauro Buschini. La delibera d\u00e0 seguito a una [&hellip;]<\/p>\n","protected":false},"author":60,"featured_media":80408,"comment_status":"open","ping_status":"open","sticky":false,"template":"","format":"standard","meta":{"footnotes":""},"categories":[15],"tags":[],"class_list":["post-217316","post","type-post","status-publish","format-standard","has-post-thumbnail","hentry","category-cultura"],"_links":{"self":[{"href":"https:\/\/www.radioluna.it\/news\/wp-json\/wp\/v2\/posts\/217316","targetHints":{"allow":["GET"]}}],"collection":[{"href":"https:\/\/www.radioluna.it\/news\/wp-json\/wp\/v2\/posts"}],"about":[{"href":"https:\/\/www.radioluna.it\/news\/wp-json\/wp\/v2\/types\/post"}],"author":[{"embeddable":true,"href":"https:\/\/www.radioluna.it\/news\/wp-json\/wp\/v2\/users\/60"}],"replies":[{"embeddable":true,"href":"https:\/\/www.radioluna.it\/news\/wp-json\/wp\/v2\/comments?post=217316"}],"version-history":[{"count":0,"href":"https:\/\/www.radioluna.it\/news\/wp-json\/wp\/v2\/posts\/217316\/revisions"}],"wp:featuredmedia":[{"embeddable":true,"href":"https:\/\/www.radioluna.it\/news\/wp-json\/wp\/v2\/media\/80408"}],"wp:attachment":[{"href":"https:\/\/www.radioluna.it\/news\/wp-json\/wp\/v2\/media?parent=217316"}],"wp:term":[{"taxonomy":"category","embeddable":true,"href":"https:\/\/www.radioluna.it\/news\/wp-json\/wp\/v2\/categories?post=217316"},{"taxonomy":"post_tag","embeddable":true,"href":"https:\/\/www.radioluna.it\/news\/wp-json\/wp\/v2\/tags?post=217316"}],"curies":[{"name":"wp","href":"https:\/\/api.w.org\/{rel}","templated":true}]}}