{"id":217582,"date":"2018-02-27T16:36:19","date_gmt":"2018-02-27T15:36:19","guid":{"rendered":"http:\/\/www.radioluna.it\/news\/?p=217582"},"modified":"2018-02-27T16:36:19","modified_gmt":"2018-02-27T15:36:19","slug":"pci-aderisce-a-potere-al-popolo","status":"publish","type":"post","link":"https:\/\/www.radioluna.it\/news\/2018\/02\/pci-aderisce-a-potere-al-popolo\/","title":{"rendered":"Pci aderisce a Potere al Popolo"},"content":{"rendered":"<div id=\"fb-root\"><\/div>\n<p style=\"text-align: justify;\"><strong>LATINA &#8211;<\/strong> Alle elezioni politiche e regionali del 4 Marzo il PCI pontino partecipa con tre dei suoi candidati nelle liste di Potere al Popolo: Rosanna Cugurra alla Camera dei Deputati, Davide Vetica e Laura Leonoro al Consiglio regionale del Lazio con Elisabetta Canitano candidata a Presidente.<\/p>\n<p style=\"text-align: justify;\">La Federazione di Latina del Partito Comunista Italiano ha aderito alle liste elettorali di Potere al Popolo, il fronte politico che ha in Viola Carofalo la sua portavoce e sostiene Elisabetta Canitano come candidata a Presidente della Regione Lazio. L\u2019adesione all\u2019alleanza segue quanto deliberato dal Comitato Centrale e successivamente indicato dal Segretario Nazionale Mauro Alboresi, in linea con il documento della Costituente che promuove l\u2019autonoma iniziativa del PCI in un contesto unitario della sinistra reale, antagonista e anticapitalista.<\/p>\n<p style=\"text-align: justify;\">Il 4 Marzo il PCI pontino parteciper\u00e0 alle elezioni con tre dei suoi rappresentanti. Rosanna Cugurra \u00e8 la candidata al collegio uninominale e in quello plurinominale per la Camera dei Deputati (scheda rosa). Come per il Senato della Repubblica (scheda gialla), baster\u00e0 barrare il simbolo di Potere al Popolo. Davide Vetica e Laura Leonoro sono i candidati al Consiglio regionale del Lazio (scheda verde). Per loro sar\u00e0 possibile esprimere la doppia preferenza di genere (uomo\/donna) scrivendo entrambi i cognomi e barrando il vicino simbolo di Potere al Popolo.<\/p>\n<p style=\"text-align: justify;\">Il programma nazionale e il programma regionale di Potere al Popolo comprendono i punti programmatici del PCI. \u201cCon proposte realizzabili puntiamo ad inaugurare una nuova fase di opposizione al futuro governo nazionale e regionale, la cui politica sar\u00e0 di continuit\u00e0 con quelli precedenti del centro destra e del centro sinistra \u2013 spiega la Segreteria provinciale di Latina del PCI \u2013 Potere al Popolo \u00e8 l\u2019unica vera novit\u00e0 di questa campagna elettorale ed \u00e8 la sola forza in grado di raccogliere il consenso di coloro i quali non si riconoscono pi\u00f9 nella sinistra di governo.\u201d<\/p>\n","protected":false},"excerpt":{"rendered":"<p>LATINA &#8211; Alle elezioni politiche e regionali del 4 Marzo il PCI pontino partecipa con tre dei suoi candidati nelle liste di Potere al Popolo: Rosanna Cugurra alla Camera dei Deputati, Davide Vetica e Laura Leonoro al Consiglio regionale del Lazio con Elisabetta Canitano candidata a Presidente. La Federazione di Latina del Partito Comunista Italiano [&hellip;]<\/p>\n","protected":false},"author":60,"featured_media":0,"comment_status":"open","ping_status":"open","sticky":false,"template":"","format":"standard","meta":{"footnotes":""},"categories":[8],"tags":[],"class_list":["post-217582","post","type-post","status-publish","format-standard","hentry","category-politica"],"_links":{"self":[{"href":"https:\/\/www.radioluna.it\/news\/wp-json\/wp\/v2\/posts\/217582","targetHints":{"allow":["GET"]}}],"collection":[{"href":"https:\/\/www.radioluna.it\/news\/wp-json\/wp\/v2\/posts"}],"about":[{"href":"https:\/\/www.radioluna.it\/news\/wp-json\/wp\/v2\/types\/post"}],"author":[{"embeddable":true,"href":"https:\/\/www.radioluna.it\/news\/wp-json\/wp\/v2\/users\/60"}],"replies":[{"embeddable":true,"href":"https:\/\/www.radioluna.it\/news\/wp-json\/wp\/v2\/comments?post=217582"}],"version-history":[{"count":0,"href":"https:\/\/www.radioluna.it\/news\/wp-json\/wp\/v2\/posts\/217582\/revisions"}],"wp:attachment":[{"href":"https:\/\/www.radioluna.it\/news\/wp-json\/wp\/v2\/media?parent=217582"}],"wp:term":[{"taxonomy":"category","embeddable":true,"href":"https:\/\/www.radioluna.it\/news\/wp-json\/wp\/v2\/categories?post=217582"},{"taxonomy":"post_tag","embeddable":true,"href":"https:\/\/www.radioluna.it\/news\/wp-json\/wp\/v2\/tags?post=217582"}],"curies":[{"name":"wp","href":"https:\/\/api.w.org\/{rel}","templated":true}]}}