{"id":217723,"date":"2018-02-28T19:16:31","date_gmt":"2018-02-28T18:16:31","guid":{"rendered":"http:\/\/www.radioluna.it\/news\/?p=217723"},"modified":"2018-02-28T19:16:31","modified_gmt":"2018-02-28T18:16:31","slug":"parisi-diserta-a-latina-fauttilli-per-lui-e-puramente-bacino-elettorale","status":"publish","type":"post","link":"https:\/\/www.radioluna.it\/news\/2018\/02\/parisi-diserta-a-latina-fauttilli-per-lui-e-puramente-bacino-elettorale\/","title":{"rendered":"Parisi diserta a Latina, Fauttilli: &#8220;Per lui\u00a0 \u00e8 puramente bacino elettorale&#8221;"},"content":{"rendered":"<div id=\"fb-root\"><\/div>\n<p style=\"text-align: justify;\"><strong>LATINA<\/strong> &#8211;\u00a0\u00abLa seconda brutta figura del candidato Stefano Parisi nei confronti della provincia di Latina. La mancata presenza all\u2019evento organizzato questa sera nel capoluogo, dopo il\u00a0forfait\u00a0di Gaeta nei giorni scorsi, evidenzia le prime spaccature in un progetto politico che non prende in considerazione le vere esigenze dei territori. La destra di Parisi usa Latina solo per rapinare voti, e dopo la campagna elettorale abbandoner\u00e0 tutti per rinserrarsi a Roma, lasciando la provincia in preda ai soliti noti.<\/p>\n<p style=\"text-align: justify;\">Diverso il senso di responsabilit\u00e0 dimostrato da Zingaretti: il presidente della Regione \u00a0uscente chiuder\u00e0 la campagna elettorale venerd\u00ec a Latina: questo \u00e8 il segno della buona politica di una Regione che non guarda solo a Roma, e per questo Zingaretti dovr\u00e0 essere riconfermato alla sua guida\u00bb. Lo dichiara Federico Fauttilli, deputato uscente e candidato alla Camera per il centrosinistra nel collegio di Latina.<\/p>\n","protected":false},"excerpt":{"rendered":"<p>LATINA &#8211;\u00a0\u00abLa seconda brutta figura del candidato Stefano Parisi nei confronti della provincia di Latina. La mancata presenza all\u2019evento organizzato questa sera nel capoluogo, dopo il\u00a0forfait\u00a0di Gaeta nei giorni scorsi, evidenzia le prime spaccature in un progetto politico che non prende in considerazione le vere esigenze dei territori. La destra di Parisi usa Latina solo [&hellip;]<\/p>\n","protected":false},"author":60,"featured_media":195703,"comment_status":"open","ping_status":"open","sticky":false,"template":"","format":"standard","meta":{"footnotes":""},"categories":[8],"tags":[],"class_list":["post-217723","post","type-post","status-publish","format-standard","has-post-thumbnail","hentry","category-politica"],"_links":{"self":[{"href":"https:\/\/www.radioluna.it\/news\/wp-json\/wp\/v2\/posts\/217723","targetHints":{"allow":["GET"]}}],"collection":[{"href":"https:\/\/www.radioluna.it\/news\/wp-json\/wp\/v2\/posts"}],"about":[{"href":"https:\/\/www.radioluna.it\/news\/wp-json\/wp\/v2\/types\/post"}],"author":[{"embeddable":true,"href":"https:\/\/www.radioluna.it\/news\/wp-json\/wp\/v2\/users\/60"}],"replies":[{"embeddable":true,"href":"https:\/\/www.radioluna.it\/news\/wp-json\/wp\/v2\/comments?post=217723"}],"version-history":[{"count":0,"href":"https:\/\/www.radioluna.it\/news\/wp-json\/wp\/v2\/posts\/217723\/revisions"}],"wp:featuredmedia":[{"embeddable":true,"href":"https:\/\/www.radioluna.it\/news\/wp-json\/wp\/v2\/media\/195703"}],"wp:attachment":[{"href":"https:\/\/www.radioluna.it\/news\/wp-json\/wp\/v2\/media?parent=217723"}],"wp:term":[{"taxonomy":"category","embeddable":true,"href":"https:\/\/www.radioluna.it\/news\/wp-json\/wp\/v2\/categories?post=217723"},{"taxonomy":"post_tag","embeddable":true,"href":"https:\/\/www.radioluna.it\/news\/wp-json\/wp\/v2\/tags?post=217723"}],"curies":[{"name":"wp","href":"https:\/\/api.w.org\/{rel}","templated":true}]}}