{"id":217803,"date":"2018-03-01T16:05:17","date_gmt":"2018-03-01T15:05:17","guid":{"rendered":"http:\/\/www.radioluna.it\/news\/?p=217803"},"modified":"2018-03-02T07:46:21","modified_gmt":"2018-03-02T06:46:21","slug":"appello-agli-elettori-del-sindaco-coletta","status":"publish","type":"post","link":"https:\/\/www.radioluna.it\/news\/2018\/03\/appello-agli-elettori-del-sindaco-coletta\/","title":{"rendered":"Appello agli elettori del sindaco Coletta"},"content":{"rendered":"<div id=\"fb-root\"><\/div>\n<p style=\"text-align: justify;\"><strong>LATINA &#8211;<\/strong> A pochi giorni dal 4 marzo, il sindaco di Latina Damiano Coletta invita gli elettori ad andare a votare. In una lettera aperta ai cittadini,\u00a0 il primo cittadino commenta l&#8217;attacco ricevuto alcuni giorni fa sulla decisione di intitolare un tratto dei giardini di Via Don Morosini a Sandro Pertini e sottolinea &#8220;la responsabilit\u00e0 di scegliere da che parte stare, continuando nel solco di quegli uomini e quelle donne che con il loro impegno e sacrificio hanno scelto la libert\u00e0, hanno fatto l\u2019Italia&#8221;.<\/p>\n<p style=\"text-align: justify;\"><strong>IL TESTO INTEGRALE DELLA LETTERA ALLA CITTA&#8217;<\/strong> &#8211;\u00a0Nella mia esperienza da sindaco ho imparato che ci vuole molta pazienza, specialmente in un tempo in cui la politica \u00e8 tanto strillata e violenta quanto priva di contenuti. Il vuoto dei valori ha portato alla ribalta le politiche populiste e giustizialiste tipiche di certi leader che si appellano ad un falso modello di identit\u00e0 nazionale che storicamente ha prodotto molti danni nel nostro paese e nella nostra citt\u00e0.<\/p>\n<p style=\"text-align: justify;\">L\u2019analfabetismo digitale ha drogato la libert\u00e0 di espressione: tutti parlano di tutto, quelli che non conoscono la storia offendono un padre della nostra Repubblica come Sandro Pertini. Per questo credo che si debbano recuperare cultura, memoria e valori, per poter ricordare che si possono esprimere le proprie considerazioni \u00e8 perch\u00e9 uomini come Pertini hanno combattuto in nome della libert\u00e0 e della democrazia nel nostro paese. Se il nostro \u00e8 un Paese libero \u00e8 grazie al senso di responsabilit\u00e0 di uomini che hanno scelto da che parte stare in un tempo in cui era rischioso farlo.<\/p>\n<p style=\"text-align: justify;\">Oggi tutti noi elettori abbiamo la responsabilit\u00e0 di scegliere da che parte stare, continuando nel solco di quegli uomini e quelle donne che con il loro impegno e sacrificio hanno scelto la libert\u00e0, hanno fatto l\u2019Italia.<\/p>\n<p style=\"text-align: justify;\">Si pu\u00f2 scegliere di stare con chi regala sogni ingannevoli, con chi non parla di ambiente e di occupazione giovanile, con chi non affronta il problema delle disuguaglianze di ogni tipo e della giustizia sociale, con chi evita di parlare della povert\u00e0 perch\u00e9 scomodo, con chi evita il tema dell\u2019immigrazione perch\u00e9 fa perdere consensi.<\/p>\n<p style=\"text-align: justify;\">Io non scelgo di stare con chi dimentica i danni che ha provocato al territorio della nostra Provincia in nome di una politica clientelare. Io non scelgo di stare con chi ha portato la sanit\u00e0 della nostra regione al commissariamento, costringendo chi \u00e8 venuto dopo ad un duro lavoro di risanamento attraverso tagli e contenimento delle spese, \u00e8 facile scappare dopo che sono stati prodotti danni per poi tornare cercando di cancellare il passato: nel frattempo c\u2019\u00e8 stato chi ha lavorato duro per ripianare i conti.<\/p>\n<p style=\"text-align: justify;\">Io scelgo di stare con chi parla di scuola, di universit\u00e0, di ricerca, di innovazione. Scelgo chi riconosce il valore della scienza e l\u2019importanza delle vaccinazioni nella prevenzione delle malattie infettive. Scelgo chi crede realmente che l\u2019acqua sia un bene primario, sul quale non pu\u00f2 essere fatto profitto. Scelgo chi vuole investire sulla cultura e sulla tecnologia. Scelgo chi vuole investire sulla valorizzazione della storia dei nostri territori al di l\u00e0 di ogni strumentalizzazione ideologica.<\/p>\n<p style=\"text-align: justify;\">Io scelgo di stare con chi parla di tolleranza e di solidariet\u00e0 e non di violenza e giustizialismo in nome di una falsa sicurezza. Scelgo chi pensa che l\u2019immigrazione non sia un problema emergenziale, ma strutturale col quale avremo a che fare per i prossimi 50 anni e che dobbiamo affrontare rispettando il diritto della persona e pretendendo il rispetto delle nostre leggi. Dobbiamo sapere integrare, come giustamente dice Papa Francesco, perch\u00e9 questa pu\u00f2 essere un\u2019opportunit\u00e0. Scelgo chi pensa che il problema della sicurezza vada affrontato con il controllo e, soprattutto, con la prevenzione e la sensibilit\u00e0 verso il disagio sociale.<\/p>\n<p style=\"text-align: justify;\">Io scelgo di stare con la politica della costruzione, del confronto, della lealt\u00e0, della coerenza e della presa di coscienza della realt\u00e0. Scelgo chi sta dalla parte dell\u2019Europa e della Costituzione affinch\u00e9 l\u2019articolo 3 diventi l\u2019identit\u00e0 di un popolo libero e democratico.<\/p>\n<p style=\"text-align: justify;\">Io scelgo di stare dalla parte del bene comune.<\/p>\n<p style=\"text-align: justify;\">Infine un consiglio ai pi\u00f9 giovani: indipendentemente dalla vostra idea, andate a votare, non lasciate che gli altri scelgano il vostro futuro.<\/p>\n","protected":false},"excerpt":{"rendered":"<p>LATINA &#8211; A pochi giorni dal 4 marzo, il sindaco di Latina Damiano Coletta invita gli elettori ad andare a votare. In una lettera aperta ai cittadini,\u00a0 il primo cittadino commenta l&#8217;attacco ricevuto alcuni giorni fa sulla decisione di intitolare un tratto dei giardini di Via Don Morosini a Sandro Pertini e sottolinea &#8220;la responsabilit\u00e0 [&hellip;]<\/p>\n","protected":false},"author":62,"featured_media":179995,"comment_status":"open","ping_status":"open","sticky":false,"template":"","format":"standard","meta":{"footnotes":""},"categories":[8],"tags":[],"class_list":["post-217803","post","type-post","status-publish","format-standard","has-post-thumbnail","hentry","category-politica"],"_links":{"self":[{"href":"https:\/\/www.radioluna.it\/news\/wp-json\/wp\/v2\/posts\/217803","targetHints":{"allow":["GET"]}}],"collection":[{"href":"https:\/\/www.radioluna.it\/news\/wp-json\/wp\/v2\/posts"}],"about":[{"href":"https:\/\/www.radioluna.it\/news\/wp-json\/wp\/v2\/types\/post"}],"author":[{"embeddable":true,"href":"https:\/\/www.radioluna.it\/news\/wp-json\/wp\/v2\/users\/62"}],"replies":[{"embeddable":true,"href":"https:\/\/www.radioluna.it\/news\/wp-json\/wp\/v2\/comments?post=217803"}],"version-history":[{"count":0,"href":"https:\/\/www.radioluna.it\/news\/wp-json\/wp\/v2\/posts\/217803\/revisions"}],"wp:featuredmedia":[{"embeddable":true,"href":"https:\/\/www.radioluna.it\/news\/wp-json\/wp\/v2\/media\/179995"}],"wp:attachment":[{"href":"https:\/\/www.radioluna.it\/news\/wp-json\/wp\/v2\/media?parent=217803"}],"wp:term":[{"taxonomy":"category","embeddable":true,"href":"https:\/\/www.radioluna.it\/news\/wp-json\/wp\/v2\/categories?post=217803"},{"taxonomy":"post_tag","embeddable":true,"href":"https:\/\/www.radioluna.it\/news\/wp-json\/wp\/v2\/tags?post=217803"}],"curies":[{"name":"wp","href":"https:\/\/api.w.org\/{rel}","templated":true}]}}