{"id":217886,"date":"2018-03-02T13:24:30","date_gmt":"2018-03-02T12:24:30","guid":{"rendered":"http:\/\/www.radioluna.it\/news\/?p=217886"},"modified":"2018-04-07T02:51:19","modified_gmt":"2018-04-07T00:51:19","slug":"rinviato-per-maltempo-il-memorial-rino-bologni","status":"publish","type":"post","link":"https:\/\/www.radioluna.it\/news\/2018\/03\/rinviato-per-maltempo-il-memorial-rino-bologni\/","title":{"rendered":"Rinviato per maltempo il memorial Rino Bologni"},"content":{"rendered":"<div id=\"fb-root\"><\/div>\n<p style=\"text-align: justify;\"><strong>LATINA<\/strong> &#8211;\u00a0A causa delle cattive condizioni meteo previste per questo weekend, l\u2019organizzazione ha deciso di spostare lo svolgimento del VI memorial \u201cRino Bologni\u201d al fine settimana del 17-18 marzo.<\/p>\n<p style=\"text-align: justify;\">Il torneo\u00a0 &#8211; dicono gli organizzatori &#8211; sar\u00e0 riproposto fra due weekend con gli orari, i gironi e le modalit\u00e0 previsti inizialmente. La sequenza degli incontri rimarr\u00e0 la stessa.<\/p>\n","protected":false},"excerpt":{"rendered":"<p>LATINA &#8211;\u00a0A causa delle cattive condizioni meteo previste per questo weekend, l\u2019organizzazione ha deciso di spostare lo svolgimento del VI memorial \u201cRino Bologni\u201d al fine settimana del 17-18 marzo. Il torneo\u00a0 &#8211; dicono gli organizzatori &#8211; sar\u00e0 riproposto fra due weekend con gli orari, i gironi e le modalit\u00e0 previsti inizialmente. La sequenza degli incontri [&hellip;]<\/p>\n","protected":false},"author":5430,"featured_media":217887,"comment_status":"open","ping_status":"open","sticky":false,"template":"","format":"standard","meta":{"footnotes":""},"categories":[17],"tags":[],"class_list":["post-217886","post","type-post","status-publish","format-standard","has-post-thumbnail","hentry","category-sport"],"_links":{"self":[{"href":"https:\/\/www.radioluna.it\/news\/wp-json\/wp\/v2\/posts\/217886","targetHints":{"allow":["GET"]}}],"collection":[{"href":"https:\/\/www.radioluna.it\/news\/wp-json\/wp\/v2\/posts"}],"about":[{"href":"https:\/\/www.radioluna.it\/news\/wp-json\/wp\/v2\/types\/post"}],"author":[{"embeddable":true,"href":"https:\/\/www.radioluna.it\/news\/wp-json\/wp\/v2\/users\/5430"}],"replies":[{"embeddable":true,"href":"https:\/\/www.radioluna.it\/news\/wp-json\/wp\/v2\/comments?post=217886"}],"version-history":[{"count":0,"href":"https:\/\/www.radioluna.it\/news\/wp-json\/wp\/v2\/posts\/217886\/revisions"}],"wp:featuredmedia":[{"embeddable":true,"href":"https:\/\/www.radioluna.it\/news\/wp-json\/wp\/v2\/media\/217887"}],"wp:attachment":[{"href":"https:\/\/www.radioluna.it\/news\/wp-json\/wp\/v2\/media?parent=217886"}],"wp:term":[{"taxonomy":"category","embeddable":true,"href":"https:\/\/www.radioluna.it\/news\/wp-json\/wp\/v2\/categories?post=217886"},{"taxonomy":"post_tag","embeddable":true,"href":"https:\/\/www.radioluna.it\/news\/wp-json\/wp\/v2\/tags?post=217886"}],"curies":[{"name":"wp","href":"https:\/\/api.w.org\/{rel}","templated":true}]}}