{"id":217896,"date":"2018-03-02T16:45:07","date_gmt":"2018-03-02T15:45:07","guid":{"rendered":"http:\/\/www.radioluna.it\/news\/?p=217896"},"modified":"2018-03-02T16:45:07","modified_gmt":"2018-03-02T15:45:07","slug":"boxe-latina-nella-classifica-2017-leader-in-provincia-82esima-in-italia","status":"publish","type":"post","link":"https:\/\/www.radioluna.it\/news\/2018\/03\/boxe-latina-nella-classifica-2017-leader-in-provincia-82esima-in-italia\/","title":{"rendered":"Boxe Latina: nella classifica 2017 leader in provincia, 82esima in Italia"},"content":{"rendered":"<div id=\"fb-root\"><\/div>\n<p style=\"text-align: justify;\">Se la macchina organizzativa della Boxing Night \u00e8 lanciata verso il 17 marzo, ogni tanto \u00e8 il caso di fermarsi e raccogliere soddisfazioni. E non importa se il riconoscimento \u00e8 lo stesso da anni, perch\u00e9 ogni volta ha un sapore diverso. Anche per il 2017 appena trascorso la Federazione Pugilistica Italiana ha confermato il primato della Boxe Latina 1956 in provincia.<\/p>\n<p style=\"text-align: justify;\">A premiare l\u2019attivit\u00e0 della societ\u00e0, presieduta da Mirco Turrin, sono i numeri della Classifica di Merito Attivit\u00e0 Agonistica 2017 pubblicata sul sito della FPI: la gloriosa societ\u00e0 pontina risulta la prima in provincia di Latina, la nona nel Lazio e l&#8217;82esima nella classifica nazionale su oltre 1000 societ\u00e0 italiane.<\/p>\n<p style=\"text-align: justify;\">Il dato balza all\u2019occhio, perch\u00e9 la Boxe Latina \u00e8 la fiera portabandiera di questo territorio, a confine con la tradizione e il bacino di utenza di Roma e provincia. Un confronto non facile, che il sodalizio di via Aspromonte ha saputo reggere nel tempo, perch\u00e9 : \u201cLa classifica di merito ci d\u00e0 ragione del lavoro e l&#8217;impegno che ogni giorno mettiamo a disposizione per la crescita costante della Boxe Latina 1956\u201d.<\/p>\n<p style=\"text-align: justify;\">Sono queste le prime parole del presidente Turrin, che sulla scorta dei dei numeri, aggiunge: \u201cE\u2019 un risultato che assume ulteriore valore alla luce delle difficolt\u00e0 e dei cambiamenti occorsi lo scorso anno. Lo pu\u00f2 conseguire solo una grande squadra, imprescindibile per il sottoscritto. Per cui il mio personale ringraziamento va a tutto lo staff dall\u2019area segreteria (Lorena Antoni, Maria Stella Prezioso, Sara Liceti), i tecnici (Rocco Prezioso, Domenico Prezioso, Antonio Dubla, Fabio Giliberti), gli istruttori di competition (Carmine Palma, Matteo Conti), i preparatori atletici (Emiliano Notarmuzi, Jacopo Guion), il direttore sportivo (Patrizio Saralli), i consiglieri Armando Cifra, Nino Casale, Pasquale Cangianiello,), l\u2019area logistica (Ernesto Turrin, Marco Amante,) quella legale (Giovanni Fontana, Alessandro Marfisi, Roberto Boldrini) e della comunicazione (Paolo Maiozzi)\u201d.<\/p>\n<p style=\"text-align: justify;\">Pensiero ai pugili, nessuno escluso: \u201cGli agonistici rappresentano un bel gruppo, destinato ad aumentare<\/p>\n<p style=\"text-align: justify;\">nel corso del tempo e a fare da traino al movimento di Gym Boxe, Amatoriale e Junior. Oltre trecento iscritti confermano la crescita del movimento\u201d.<\/p>\n<p style=\"text-align: justify;\">\nZINGARO VS GIORGETTI IL 17 MARZO<\/p>\n<p style=\"text-align: justify;\">Due settimane alla Boxing Night. Sabato 17 marzo, dalle 20, al Palaboxe \u201cCitt\u00e0 di Latina\u201d in via Aspromonte, \u00e8 in programma una riunione mista, organizzata dalla Boxe Latina in collaborazione la BBT (Buccioni Boxing Team). Ricco sottoclou di dieci match dilettanti e il main event dell\u2019incontro professionistico Superleggeri tra Ennio Zingaro di Nettuno l\u2019italo-giamaicano e fiorentino d\u2019adozione Jovan \u201cJaque Fernando\u201d Giorgetti. Possibile anche un secondo match professionistico in fase di organizzazione: \u201cAbbiamo bisogno \u2013 conclude Turrin &#8211; di riportare la gente a vedere il pugilato dal vivo. E la direzione in cui stiamo lavorando. E il 17 marzo ne \u00e8 un esempio, visto il livello sul ring sia nella sessione dilettantistica che nel match professionisti, in cui si affrontano due aspiranti al Titolo Italiano.<\/p>\n<p style=\"text-align: justify;\">\nRISULTATI DEI GIORNI SCORSI<\/p>\n<p style=\"text-align: justify;\">E\u2019 arrivata l\u2019ottava vittoria nella carriera di Riccardo Mazzocchi. Il pugile setino della Boxe Latina, nella categoria dei 75 kg, si \u00e8 imposto ai punti su Ibrahim Blade della San Basilio Boxe. Un match tiratissimo, che si \u00e8 disputato sul ring del Pala Cavicchi nella riunione organizzata dalla Asd Pugilistica Volsca. Il Senior pontino ha disputato un grande terzo round, che ha determinato un conteggio favorevole dei cartellini dei giudici a bordo ring. Soddisfazione grande per il diretto interessato, lo staff e i tifosi, che non hanno fatto mancare il loro calore.<\/p>\n<p style=\"text-align: justify;\">Ruggito del \u201cLeone\u201d. Vittoria per Loris &#8220;Manolito&#8221; Leone al Torneo Regionale Esordienti ad Ariccia. Lo Schoolboy (49 kg) ha battuto ai punti Edoardo Marinucci (Sparta).<\/p>\n","protected":false},"excerpt":{"rendered":"<p>Se la macchina organizzativa della Boxing Night \u00e8 lanciata verso il 17 marzo, ogni tanto \u00e8 il caso di fermarsi e raccogliere soddisfazioni. E non importa se il riconoscimento \u00e8 lo stesso da anni, perch\u00e9 ogni volta ha un sapore diverso. Anche per il 2017 appena trascorso la Federazione Pugilistica Italiana ha confermato il primato [&hellip;]<\/p>\n","protected":false},"author":5430,"featured_media":0,"comment_status":"open","ping_status":"open","sticky":false,"template":"","format":"standard","meta":{"footnotes":""},"categories":[17],"tags":[],"class_list":["post-217896","post","type-post","status-publish","format-standard","hentry","category-sport"],"_links":{"self":[{"href":"https:\/\/www.radioluna.it\/news\/wp-json\/wp\/v2\/posts\/217896","targetHints":{"allow":["GET"]}}],"collection":[{"href":"https:\/\/www.radioluna.it\/news\/wp-json\/wp\/v2\/posts"}],"about":[{"href":"https:\/\/www.radioluna.it\/news\/wp-json\/wp\/v2\/types\/post"}],"author":[{"embeddable":true,"href":"https:\/\/www.radioluna.it\/news\/wp-json\/wp\/v2\/users\/5430"}],"replies":[{"embeddable":true,"href":"https:\/\/www.radioluna.it\/news\/wp-json\/wp\/v2\/comments?post=217896"}],"version-history":[{"count":0,"href":"https:\/\/www.radioluna.it\/news\/wp-json\/wp\/v2\/posts\/217896\/revisions"}],"wp:attachment":[{"href":"https:\/\/www.radioluna.it\/news\/wp-json\/wp\/v2\/media?parent=217896"}],"wp:term":[{"taxonomy":"category","embeddable":true,"href":"https:\/\/www.radioluna.it\/news\/wp-json\/wp\/v2\/categories?post=217896"},{"taxonomy":"post_tag","embeddable":true,"href":"https:\/\/www.radioluna.it\/news\/wp-json\/wp\/v2\/tags?post=217896"}],"curies":[{"name":"wp","href":"https:\/\/api.w.org\/{rel}","templated":true}]}}