{"id":218240,"date":"2018-08-06T06:33:05","date_gmt":"2018-08-06T04:33:05","guid":{"rendered":"http:\/\/www.radioluna.it\/news\/?p=218240"},"modified":"2018-08-06T08:30:56","modified_gmt":"2018-08-06T06:30:56","slug":"memoria-un-inedito-di-pietro-ingrao","status":"publish","type":"post","link":"https:\/\/www.radioluna.it\/news\/2018\/08\/memoria-un-inedito-di-pietro-ingrao\/","title":{"rendered":"Memoria, un inedito di Pietro Ingrao"},"content":{"rendered":"<div id=\"fb-root\"><\/div>\n<p style=\"text-align: justify;\"><strong>LATINA<\/strong> &#8211; <em>Memoria<\/em> \u00e8 il primo tra gli inediti conservati nell&#8217;Archivio Pietro Ingrao ad essere pubblicato. L&#8217;idea di libert\u00e0, il senso della politica, la necessit\u00e0 di aprirsi a culture ed esperienze diverse come quella delle donne sono alcuni dei temi affrontati.<\/p>\n<p style=\"text-align: justify;\">&#8220;La libert\u00e0 per Ingrao non \u00e8 quella personale, ma \u00e8 costruire insieme, \u00e8 condividere, \u00e8 un&#8217;idea di societ\u00e0&#8221;, spiega Maria Luisa Boccia presidente del Centro per la Riforma dello Stato che conserva e gestisce l&#8217;archivio di Ingrao e che assicura:\u00a0 &#8220;E&#8217; uno tra i testi pi\u00f9 belli, scritti da Ingrao. Se ne rimane affascinati&#8221;.<\/p>\n<p style=\"text-align: justify;\">Su Radio Luna Maria Luisa Boccia al microfono di Licia Pastore<\/p>\n<p style=\"text-align: justify;\"><strong>I NOSTRI LIBRI<\/strong><\/p>\n<audio class=\"wp-audio-shortcode\" id=\"audio-218240-1\" preload=\"none\" style=\"width: 100%;\" controls=\"controls\"><source type=\"audio\/mpeg\" src=\"https:\/\/www.radioluna.it\/news\/wp-content\/uploads\/2018\/03\/i-nostri-libri-1.mp3-1.mp3?_=1\" \/><a href=\"https:\/\/www.radioluna.it\/news\/wp-content\/uploads\/2018\/03\/i-nostri-libri-1.mp3-1.mp3\">https:\/\/www.radioluna.it\/news\/wp-content\/uploads\/2018\/03\/i-nostri-libri-1.mp3-1.mp3<\/a><\/audio>\n<p style=\"text-align: justify;\"><strong>\u00a0<\/strong><\/p>\n<p>&nbsp;<\/p>\n","protected":false},"excerpt":{"rendered":"<p>LATINA &#8211; Memoria \u00e8 il primo tra gli inediti conservati nell&#8217;Archivio Pietro Ingrao ad essere pubblicato. L&#8217;idea di libert\u00e0, il senso della politica, la necessit\u00e0 di aprirsi a culture ed esperienze diverse come quella delle donne sono alcuni dei temi affrontati. &#8220;La libert\u00e0 per Ingrao non \u00e8 quella personale, ma \u00e8 costruire insieme, \u00e8 condividere, [&hellip;]<\/p>\n","protected":false},"author":60,"featured_media":218253,"comment_status":"open","ping_status":"closed","sticky":false,"template":"","format":"standard","meta":{"footnotes":""},"categories":[2310,2424],"tags":[],"class_list":["post-218240","post","type-post","status-publish","format-standard","has-post-thumbnail","hentry","category-audio","category-i-nostri-libri"],"_links":{"self":[{"href":"https:\/\/www.radioluna.it\/news\/wp-json\/wp\/v2\/posts\/218240","targetHints":{"allow":["GET"]}}],"collection":[{"href":"https:\/\/www.radioluna.it\/news\/wp-json\/wp\/v2\/posts"}],"about":[{"href":"https:\/\/www.radioluna.it\/news\/wp-json\/wp\/v2\/types\/post"}],"author":[{"embeddable":true,"href":"https:\/\/www.radioluna.it\/news\/wp-json\/wp\/v2\/users\/60"}],"replies":[{"embeddable":true,"href":"https:\/\/www.radioluna.it\/news\/wp-json\/wp\/v2\/comments?post=218240"}],"version-history":[{"count":0,"href":"https:\/\/www.radioluna.it\/news\/wp-json\/wp\/v2\/posts\/218240\/revisions"}],"wp:featuredmedia":[{"embeddable":true,"href":"https:\/\/www.radioluna.it\/news\/wp-json\/wp\/v2\/media\/218253"}],"wp:attachment":[{"href":"https:\/\/www.radioluna.it\/news\/wp-json\/wp\/v2\/media?parent=218240"}],"wp:term":[{"taxonomy":"category","embeddable":true,"href":"https:\/\/www.radioluna.it\/news\/wp-json\/wp\/v2\/categories?post=218240"},{"taxonomy":"post_tag","embeddable":true,"href":"https:\/\/www.radioluna.it\/news\/wp-json\/wp\/v2\/tags?post=218240"}],"curies":[{"name":"wp","href":"https:\/\/api.w.org\/{rel}","templated":true}]}}