{"id":219362,"date":"2018-03-22T16:14:19","date_gmt":"2018-03-22T15:14:19","guid":{"rendered":"http:\/\/www.radioluna.it\/news\/?p=219362"},"modified":"2018-03-22T16:14:19","modified_gmt":"2018-03-22T15:14:19","slug":"carta-della-partecipazione-approvazione-della-commissione-citta-internazionale","status":"publish","type":"post","link":"https:\/\/www.radioluna.it\/news\/2018\/03\/carta-della-partecipazione-approvazione-della-commissione-citta-internazionale\/","title":{"rendered":"Carta della Partecipazione, approvazione della commissione Citt\u00e0 Internazionale"},"content":{"rendered":"<div id=\"fb-root\"><\/div>\n<p style=\"text-align: justify;\"><strong>LATINA &#8211;<\/strong> E\u2019 stata approvata all\u2019unanimit\u00e0 dalla commissione Citt\u00e0 Internazionale, la proposta di delibera per l\u2019adesione del Comune di Latina alla Carta della Partecipazione che enuncia i dieci principi\u00a0che devono guidare chi costruisce percorsi di partecipazione: dall\u2019informazione alla fiducia, dall\u2019inclusione all\u2019equit\u00e0 passando per la cooperazione e valutazione. Il decalogo ha raccolto adesioni di enti e realt\u00e0 associative di tutta Italia e sta avendo un ottimo riscontro nel Lazio: cos\u00ec hanno sottolineato nel corso della seduta i rappresentanti del coordinamento\u00a0\u201cVia Libera\u201d, che riunisce le associazioni di volontariato e promozione sociale presenti sul territorio comunale e dal quale \u00e8 giunto l\u2019invito ad aderire alla causa.<\/p>\n<p style=\"text-align: justify;\">&#8220;Come Amministrazione abbiamo raccolto l\u2019invito del Coordinamento con convinzione \u2013 ha sottolineato l\u2019Assessora alla Citt\u00e0 Internazionale e alla Partecipazione Cristina Leggio \u2013 in quanto l\u2019adesione alla Carta si inserisce nel percorso avviato per la cura e la gestione condivisa dei beni comuni suggerendo nuovi spunti e criteri. La Carta, infatti, \u00e8 uno strumento in evoluzione, aperto a nuovi contributi da parte degli enti che vi aderiscono e che ci mette in rete con altre realt\u00e0 che la stanno sperimentando e con cui ha senso dialogare per implementare il linguaggio della partecipazione&#8221;. Anche i comuni di Milano, Firenze e Matera e l\u2019INU (Istituto Nazionale di Urbanistica) hanno adottato di recente la Carta della Partecipazione.<\/p>\n<p style=\"text-align: justify;\">La proposta di delibera passer\u00e0 ora all\u2019esame del Consiglio Comunale per l\u2019approvazione definitiva.<\/p>\n<p style=\"text-align: justify;\">In Commissione \u00e8 stato anche illustrato dal funzionario del servizio Affari Istituzionali Luigi Terrian\u00f2 il progetto internazionale \u201cLa citt\u00e0 dei bambini\u201d, di cui la Regione Lazio \u00e8 capofila. Dall\u2019iniziativa, nata a Fano nel 1991, \u00e8 nata una rete internazionale che coinvolge centinaia di citt\u00e0 e scuole in diversi paesi dell\u2019Europa e dell\u2019America Latina. Il progetto ha l\u2019intento di promuovere il cambiamento del parametro di governo della citt\u00e0 assumendo quale punto di riferimento il bambino. I Sindaci sono invitati a riprogrammare la citt\u00e0 attraverso le esigenze e la voce dei bambini che assumono un ruolo attivo in questo processo di cambiamento riappropriandosi dello spazio urbano.<\/p>\n<p style=\"text-align: justify;\">La seduta si \u00e8 chiusa con la decisione concorde di dare mandato all\u2019Assessora Leggio di aderire al progetto.<\/p>\n","protected":false},"excerpt":{"rendered":"<p>LATINA &#8211; E\u2019 stata approvata all\u2019unanimit\u00e0 dalla commissione Citt\u00e0 Internazionale, la proposta di delibera per l\u2019adesione del Comune di Latina alla Carta della Partecipazione che enuncia i dieci principi\u00a0che devono guidare chi costruisce percorsi di partecipazione: dall\u2019informazione alla fiducia, dall\u2019inclusione all\u2019equit\u00e0 passando per la cooperazione e valutazione. Il decalogo ha raccolto adesioni di enti e [&hellip;]<\/p>\n","protected":false},"author":60,"featured_media":0,"comment_status":"open","ping_status":"open","sticky":false,"template":"","format":"standard","meta":{"footnotes":""},"categories":[8],"tags":[],"class_list":["post-219362","post","type-post","status-publish","format-standard","hentry","category-politica"],"_links":{"self":[{"href":"https:\/\/www.radioluna.it\/news\/wp-json\/wp\/v2\/posts\/219362","targetHints":{"allow":["GET"]}}],"collection":[{"href":"https:\/\/www.radioluna.it\/news\/wp-json\/wp\/v2\/posts"}],"about":[{"href":"https:\/\/www.radioluna.it\/news\/wp-json\/wp\/v2\/types\/post"}],"author":[{"embeddable":true,"href":"https:\/\/www.radioluna.it\/news\/wp-json\/wp\/v2\/users\/60"}],"replies":[{"embeddable":true,"href":"https:\/\/www.radioluna.it\/news\/wp-json\/wp\/v2\/comments?post=219362"}],"version-history":[{"count":0,"href":"https:\/\/www.radioluna.it\/news\/wp-json\/wp\/v2\/posts\/219362\/revisions"}],"wp:attachment":[{"href":"https:\/\/www.radioluna.it\/news\/wp-json\/wp\/v2\/media?parent=219362"}],"wp:term":[{"taxonomy":"category","embeddable":true,"href":"https:\/\/www.radioluna.it\/news\/wp-json\/wp\/v2\/categories?post=219362"},{"taxonomy":"post_tag","embeddable":true,"href":"https:\/\/www.radioluna.it\/news\/wp-json\/wp\/v2\/tags?post=219362"}],"curies":[{"name":"wp","href":"https:\/\/api.w.org\/{rel}","templated":true}]}}