{"id":219466,"date":"2018-03-23T18:28:33","date_gmt":"2018-03-23T17:28:33","guid":{"rendered":"http:\/\/www.radioluna.it\/news\/?p=219466"},"modified":"2018-03-23T18:36:28","modified_gmt":"2018-03-23T17:36:28","slug":"zingaretti-nomina-la-nuova-giunta-4-donne-e-5-uomini-ce-una-pontina","status":"publish","type":"post","link":"https:\/\/www.radioluna.it\/news\/2018\/03\/zingaretti-nomina-la-nuova-giunta-4-donne-e-5-uomini-ce-una-pontina\/","title":{"rendered":"Zingaretti nomina la nuova giunta, 4 donne e 5 uomini, c&#8217;\u00e8 una pontina"},"content":{"rendered":"<div id=\"fb-root\"><\/div>\n<p style=\"text-align: justify;\"><strong>LATINA<\/strong> &#8211;\u00a0Il Presidente della Regione Lazio,\u00a0Nicola Zingaretti ha scelto la nuova Giunta regionale composta da 4 donne e 5 uomini oltre al Presidente che manterr\u00e0 le deleghe alla Cultura, allo Sport e Politiche giovanili. Tra le donne\u00a0 &#8211; come da indiscrezioni alla vigilia &#8211; c&#8217;\u00e8 Enrica Onorati di Priverno che dovr\u00e0 occuparsi di Agricoltura. Mentre un altro pontino, Omar Ruberti di Aprilia \u00e8 il nuovo capo di Gabinetto di Zingaretti.<\/p>\n<p style=\"text-align: justify;\">\u201cSono molto contento della nuova Giunta regionale. Una squadra solida per il futuro del Lazio che unisce esperienze provenienti dalla scorsa legislatura e facce nuove. Marted\u00ec \u2013 commenta il Presidente della Regione Lazio,\u00a0Nicola Zingaretti\u00a0&#8211; faremo la prima riunione. Voglio ringraziare per l\u2019enorme lavoro e per l\u2019impegno tutti gli assessori uscenti che hanno permesso con la loro passione e professionalit\u00e0 di portare il Lazio fuori dall\u2019emergenza e di farne per tanti aspetti una delle regioni leader in Italia. Ringrazio anche\u00a0Andrea Baldanza, che \u00e8 stato un ottimo e prezioso Capo di Gabinetto e faccio gli auguri di buon lavoro ad\u00a0Albino Ruberti, nuovo Capo di Gabinetto. La nuova Giunta, che parte oggi, ha una forte rappresentanza dei territori, con amministratori che provengono da esperienze all\u2019interno di Comuni delle diverse province, a garanzia della difesa e dello sviluppo del Lazio nella sua interezza. \u00c8 una squadra giovane, la media dell\u2019et\u00e0 degli assessori \u00e8 di 46 anni, ma che pu\u00f2 vantare esperienze consolidate. La Giunta si compone al momento di nove assessori pi\u00f9 il Presidente. Il positivo sviluppo del confronto con Leu richiede infatti ancora qualche giorno che \u00e8 giusto garantire al fine di giungere alle scelte migliori e condivise\u201d.<\/p>\n<p style=\"text-align: justify;\">CHI SONO GLI ASSESSORI<\/p>\n<p style=\"text-align: justify;\">SMERIGLIO MASSIMILIANO,\u00a0Vice Presidente con deleghe alla Formazione, Universit\u00e0, Attuazione del Programma, Coordinamento dell\u2019attivit\u00e0 della Giunta sull\u2019Area del Sisma e Protezione civile.\u00a0Nato a Roma nel \u201966, \u00e8 laureato in Lettere e Storia Moderna, giornalista ha conseguito anche un Master in Comunicazione. Docente presso l\u2019Universit\u00e0 di Roma Tre. Dal 2001 al 2006 Presidente dell\u2019XI Municipio di Roma, dal 2006 al 2008 Deputato della Repubblica italiana e fino al 2012 assessore al Lavoro e Formazione della Provincia di Roma.<\/p>\n<p style=\"text-align: justify;\">SARTORE ALESSANDRA,\u00a0assessore al Bilancio e Patrimonio.\u00a0Nata a Castiglione del Lago (PG) nel \u201954, laureata in Giurisprudenza, ha conseguito il Diploma di specializzazione in Diritto Amministrativo e Scienze dell&#8217;Amministrazione. Nel 1978 ha iniziato la sua carriera presso il Ministero per i Beni e le Attivit\u00e0 Culturali, e dal 1985 presso il Ministero del Tesoro &#8211; Ragioneria generale dello Stato.<br \/>\nDal 2011 al 2013 \u00e8 stata anche consigliere giuridico del Ministro per la coesione territoriale e ha svolto docenze in materia di finanza pubblica ed ha fatto parte di comitati e gruppi di lavoro su varie tematiche di finanza pubblica.<\/p>\n<p style=\"text-align: justify;\">BONACCORSI LORENZA,\u00a0assessore al Turismo e alle Pari Opportunit\u00e0. Nata a Roma nel \u201968, \u00e8 laureata in Storia Economica con Master in Relazioni pubbliche europee. Dal 2010 Responsabile dell\u2019Ufficio Progetti speciali di Musica per Roma. Dal 2013 Deputata della Repubblica italiana.<\/p>\n<p style=\"text-align: justify;\">TRONCARELLI ALESSANDRA,\u00a0assessore alle Politiche Sociali, Welfare ed Enti Locali. Nata a Soriano del Cimino (VT) nel \u201987, \u00e8 laureata in Giurisprudenza ed \u00e8 iscritta all\u2019Albo degli avvocati dal 2015. Assessore comunale dal 2015 con delega ai Servizi sociali e Politiche della casa nel Comune di Viterbo.<\/p>\n<p>ONORATI ENRICA,\u00a0assessore all\u2019Agricoltura, Ambiente e Politiche della Valorizzazione della Natura. Nata a Priverno (LT) nel \u201985, con laurea di primo livello in Scienze Politiche. Dal 2016 assessore alle Attivit\u00e0 produttive, Agricoltura e Sviluppo del territorio del Comune di Priverno.<\/p>\n<p>D\u2019AMATO ALESSIO,\u00a0assessore alla Sanit\u00e0.\u00a0Nato a Roma nel \u201968, \u00e8 laureato in Sociologia e ha conseguito un Master in \u2018Peacekeeping and security studies\u2019 e autore di diverse pubblicazioni. Membro della Commissione Sanit\u00e0 e Bilancio del Consiglio regionale del Lazio e della Commissione Sicurezza sul Lavoro dal 2005 al 2010. Dal 2008 al 2010 ha ricoperto anche l\u2019incarico di Presidente della Commissione Affari Costituzionali del Consiglio regionale del Lazio. Dal 2013 \u00e8 stato Responsabile della Cabina di Regia della Sanit\u00e0 della Regione Lazio.<\/p>\n<p>MANZELLA GIAN PAOLO,\u00a0assessore allo\u00a0Sviluppo Economico, Commercio e Artigianato, Start-Up e Innovazione.\u00a0Nato a Barcellona (ESP), nel \u201965, \u00e8 laureato in Giurisprudenza, ha conseguito un Master in Relazioni Internazionali alla Yale University. Ha collaborato con la Banca Europea degli Investimenti, la Corte di Giustizia della Comunit\u00e0 Europea, il Ministero del Tesoro e la Presidenza del Consiglio dei Ministri. Autore di numerose pubblicazioni, dal 2008 al 2012 \u00e8 stato Responsabile del Dipartimento Innovazione, Imprese e Sviluppo economico presso la Provincia di Roma. Dal marzo 2013 consigliere regionale del Lazio e Vice Presidente della Commissione Affari comunitari e Internazionali.<\/p>\n<p style=\"text-align: justify;\">ALESSANDRI MAURO,\u00a0assessore alle Infrastrutture, Lavori Pubblici e Tutela del Territorio, Trasporti e Piccoli Comuni.\u00a0Nato a Monterotondo (RM) nel \u201980, laureato in Lettere classiche, ha ottenuto diversi incarichi di docenza presso istituti secondari superiori dal 2006 al 2010. Prima consigliere e poi Assessore alla Cultura del Comune di Monterotondo. Dal 2014 al 2016 consigliere presso la Citt\u00e0 Metropolitana di Roma e dal giugno 2014 ricopre l\u2019incarico di Sindaco di Monterotondo.<\/p>\n<p style=\"text-align: justify;\">VALERIANI MASSIMILIANO,\u00a0assessore con deleghe alle Politiche abitative, Urbanistica e Rifiuti.\u00a0Nato a Roma nel \u201968 e laureato in Scienze Politiche \u00e8 stato per due volte consigliere capitolino dal 2006 al 2013 anno in cui \u00e8 stato eletto Consigliere regionale del Lazio.<\/p>\n","protected":false},"excerpt":{"rendered":"<p>LATINA &#8211;\u00a0Il Presidente della Regione Lazio,\u00a0Nicola Zingaretti ha scelto la nuova Giunta regionale composta da 4 donne e 5 uomini oltre al Presidente che manterr\u00e0 le deleghe alla Cultura, allo Sport e Politiche giovanili. Tra le donne\u00a0 &#8211; come da indiscrezioni alla vigilia &#8211; c&#8217;\u00e8 Enrica Onorati di Priverno che dovr\u00e0 occuparsi di Agricoltura. Mentre [&hellip;]<\/p>\n","protected":false},"author":62,"featured_media":219467,"comment_status":"open","ping_status":"open","sticky":false,"template":"","format":"standard","meta":{"footnotes":""},"categories":[8],"tags":[],"class_list":["post-219466","post","type-post","status-publish","format-standard","has-post-thumbnail","hentry","category-politica"],"_links":{"self":[{"href":"https:\/\/www.radioluna.it\/news\/wp-json\/wp\/v2\/posts\/219466","targetHints":{"allow":["GET"]}}],"collection":[{"href":"https:\/\/www.radioluna.it\/news\/wp-json\/wp\/v2\/posts"}],"about":[{"href":"https:\/\/www.radioluna.it\/news\/wp-json\/wp\/v2\/types\/post"}],"author":[{"embeddable":true,"href":"https:\/\/www.radioluna.it\/news\/wp-json\/wp\/v2\/users\/62"}],"replies":[{"embeddable":true,"href":"https:\/\/www.radioluna.it\/news\/wp-json\/wp\/v2\/comments?post=219466"}],"version-history":[{"count":0,"href":"https:\/\/www.radioluna.it\/news\/wp-json\/wp\/v2\/posts\/219466\/revisions"}],"wp:featuredmedia":[{"embeddable":true,"href":"https:\/\/www.radioluna.it\/news\/wp-json\/wp\/v2\/media\/219467"}],"wp:attachment":[{"href":"https:\/\/www.radioluna.it\/news\/wp-json\/wp\/v2\/media?parent=219466"}],"wp:term":[{"taxonomy":"category","embeddable":true,"href":"https:\/\/www.radioluna.it\/news\/wp-json\/wp\/v2\/categories?post=219466"},{"taxonomy":"post_tag","embeddable":true,"href":"https:\/\/www.radioluna.it\/news\/wp-json\/wp\/v2\/tags?post=219466"}],"curies":[{"name":"wp","href":"https:\/\/api.w.org\/{rel}","templated":true}]}}