{"id":219621,"date":"2018-03-26T16:24:42","date_gmt":"2018-03-26T14:24:42","guid":{"rendered":"http:\/\/www.radioluna.it\/news\/?p=219621"},"modified":"2018-03-31T07:14:56","modified_gmt":"2018-03-31T05:14:56","slug":"la-casa-cantoniera-a-borgo-grappa-alle-organizzazioni-no-profit","status":"publish","type":"post","link":"https:\/\/www.radioluna.it\/news\/2018\/03\/la-casa-cantoniera-a-borgo-grappa-alle-organizzazioni-no-profit\/","title":{"rendered":"La Casa cantoniera a Borgo Grappa alle organizzazioni no profit"},"content":{"rendered":"<div id=\"fb-root\"><\/div>\n<p style=\"text-align: justify;\"><strong>LATINA &#8211;<\/strong> Gioved\u00ec prossimo alle 11.00 al Rustico Casa Cantoniera, in via del Mare a Borgo Grappa, l\u2019Agenzia del Demanio consegna alla Pro Loco Borgo Grappa l\u2019immobile dello Stato da destinare \u00aball&#8217;offerta culturale, sociale ed enogastronomica del territorio con attivit\u00e0 di promozione e animazione, supportate da dieci organizzazioni non profit ed una ciclofficina aderenti alla \u201cRete Solidale della Ciclopista del Sole\u201d\u00bb. Siete invitati a partecipare gi\u00e0 dalle 10.30 alla camminata lungo uno dei percorsi del progetto, con partenza dal piazzale di Rio Martino e arrivo alla Casa Cantoniera. &#8220;Turismo sostenibile, attenzione all&#8217;ambiente, valorizzazione dei prodotti tipici locali e impronta sociale \u2013 sottolinea l\u2019Agenzia del Demanio \u2013 sono le caratteristiche alla base dei progetti che consentiranno di portare a nuova vita edifici ormai abbandonati, trasformandoli in opportunit\u00e0 di sviluppo per il territorio&#8221;.<\/p>\n<p style=\"text-align: justify;\">&#8220;La sfida \u00e8 di affermare un nuovo modello di sviluppo e di consumo fondato su alcuni principi cardine \u2013 rimarca Felice Costanti, Assessore alle Attivit\u00e0 produttive, Sport e Turismo del Comune di Latina \u2013 quali ad esempio la difesa del territorio, la valorizzazione della biodiversit\u00e0, la promozione delle tradizioni produttive e della cultura locale, la sostenibilit\u00e0 ambientale, la produzione biologica e biodinamica, sfida alla quale hanno gi\u00e0 aderito il Comune di Latina, il Parco Nazionale del Circeo, la CCIAA di Latina, La Strada del Vino e dell\u2019Olio, Italia Nostra onlus e Solidarte aps&#8221;.<\/p>\n<p style=\"text-align: justify;\">Nella consapevolezza che sia necessario condividere progetti in grado di contribuire alla spinta verso lo sviluppo locale del territorio pontino nasce la Rete Solidale della Ciclopista del Sole, nell\u2019ambito del Laboratorio TEU, presso il CESV con il supporto tecnico dell\u2019Ufficio Progettazione e Sviluppo Locale della Camera di Commercio di Latina che con il Comune di Latina costituiscono il Comitato di Supporto e di Garanzia per supportare il buon andamento delle attivit\u00e0 e sostenere gli aderenti creando valori che restino nel territorio.<\/p>\n<p style=\"text-align: justify;\">Con la sottoscrizione della Rete Solidale della Ciclopista del Sole, che \u00e8 parte integrante e sostanziale del progetto la \u201cStazione del Sole: dalle colline al mare\u201d, si condivide pertanto un progetto innovativo sulla base di attivit\u00e0 fortemente connotate dal carattere sociale e solidale che verranno realizzate dai soggetti aderenti, oltre alla Pro Loco di Borgo Grappa, dalle associazioni di volontariato: La Rete, A.Ge, AUSER, Cammino, Diaphor\u00e0; le associazioni di Promozione Sociale: Percorsi, Fantasticart, Visultrack, ASD Nadeshiko Dojo; la coop. sociale \u201cIl Sentiero\u201d e l\u2019impresa \u201cI Bike\u201d di Alessandro Savio.<\/p>\n","protected":false},"excerpt":{"rendered":"<p>LATINA &#8211; Gioved\u00ec prossimo alle 11.00 al Rustico Casa Cantoniera, in via del Mare a Borgo Grappa, l\u2019Agenzia del Demanio consegna alla Pro Loco Borgo Grappa l\u2019immobile dello Stato da destinare \u00aball&#8217;offerta culturale, sociale ed enogastronomica del territorio con attivit\u00e0 di promozione e animazione, supportate da dieci organizzazioni non profit ed una ciclofficina aderenti alla [&hellip;]<\/p>\n","protected":false},"author":60,"featured_media":0,"comment_status":"open","ping_status":"open","sticky":false,"template":"","format":"standard","meta":{"footnotes":""},"categories":[15],"tags":[],"class_list":["post-219621","post","type-post","status-publish","format-standard","hentry","category-cultura"],"_links":{"self":[{"href":"https:\/\/www.radioluna.it\/news\/wp-json\/wp\/v2\/posts\/219621","targetHints":{"allow":["GET"]}}],"collection":[{"href":"https:\/\/www.radioluna.it\/news\/wp-json\/wp\/v2\/posts"}],"about":[{"href":"https:\/\/www.radioluna.it\/news\/wp-json\/wp\/v2\/types\/post"}],"author":[{"embeddable":true,"href":"https:\/\/www.radioluna.it\/news\/wp-json\/wp\/v2\/users\/60"}],"replies":[{"embeddable":true,"href":"https:\/\/www.radioluna.it\/news\/wp-json\/wp\/v2\/comments?post=219621"}],"version-history":[{"count":0,"href":"https:\/\/www.radioluna.it\/news\/wp-json\/wp\/v2\/posts\/219621\/revisions"}],"wp:attachment":[{"href":"https:\/\/www.radioluna.it\/news\/wp-json\/wp\/v2\/media?parent=219621"}],"wp:term":[{"taxonomy":"category","embeddable":true,"href":"https:\/\/www.radioluna.it\/news\/wp-json\/wp\/v2\/categories?post=219621"},{"taxonomy":"post_tag","embeddable":true,"href":"https:\/\/www.radioluna.it\/news\/wp-json\/wp\/v2\/tags?post=219621"}],"curies":[{"name":"wp","href":"https:\/\/api.w.org\/{rel}","templated":true}]}}