{"id":219857,"date":"2018-03-29T14:09:07","date_gmt":"2018-03-29T12:09:07","guid":{"rendered":"http:\/\/www.radioluna.it\/news\/?p=219857"},"modified":"2021-05-25T19:22:32","modified_gmt":"2021-05-25T17:22:32","slug":"la-rete-dellinfarto-della-asl-di-latina-e-la-prima-in-italia","status":"publish","type":"post","link":"https:\/\/www.radioluna.it\/news\/2018\/03\/la-rete-dellinfarto-della-asl-di-latina-e-la-prima-in-italia\/","title":{"rendered":"La rete dell&#8217;infarto della Asl di Latina \u00e8 la prima in Italia"},"content":{"rendered":"<div id=\"fb-root\"><\/div>\n<p style=\"text-align: justify;\"><strong>LATINA<\/strong> &#8211;\u00a0La rete per l&#8217;infarto della Asl di Latina \u00e8 la prima in Italia. Lo dicono i numeri anticipati oggi dal professor Francesco Versaci direttore della Uoc di Emodinamica e Cardiologia del Goretti nel corso del convegno &#8220;La Citt\u00e0 cardioprotetta&#8221;, in attesa di quelli ufficiali che potranno solo confermare quanto emerso questa mattina. Facendo una media approssimativa, nella Asl di Latina (tra Goretti e Dono Svizzero a Formia) si \u00e8 trattato pi\u00f9 di un caso di infarto al giorno.<\/p>\n<p style=\"text-align: justify;\">&#8220;I nostri medici hanno effettuato 40 interventi in pi\u00f9 rispetto allo scorso anno quando eravamo terzi in Italia. Un dato &#8211; sottolinea il manager della Asl Giorgio Casati &#8211; che non si comprende appieno se non si pone l&#8217;attenzione sul fatto che, senza avere mezzi aggiuntivi, la nostra unit\u00e0 ha aumentato i trattamenti del 15%. Fosse capitato a qualunque azienda di migliorare cos\u00ec la propria performance sarebbe stato un caso da Sole24Ore&#8221;, scherza il direttore generale.<\/p>\n<p>Ascolta il direttore generale della Asl Giorgio Casati<\/p>\n<audio class=\"wp-audio-shortcode\" id=\"audio-219857-1\" preload=\"none\" style=\"width: 100%;\" controls=\"controls\"><source type=\"audio\/mpeg\" src=\"http:\/\/www.radioluna.it\/news\/wp-content\/uploads\/2018\/03\/casati-rete-oinfarto.mp3?_=1\" \/><a href=\"http:\/\/www.radioluna.it\/news\/wp-content\/uploads\/2018\/03\/casati-rete-oinfarto.mp3\">http:\/\/www.radioluna.it\/news\/wp-content\/uploads\/2018\/03\/casati-rete-oinfarto.mp3<\/a><\/audio>\n<p style=\"text-align: justify;\">Molto concretamente l&#8217;aumento dei casi trattati significa che la rete dell&#8217;infarto sta funzionando e bene e quindi sempre pi\u00f9 pazienti arrivano in ospedale anche se spesso purtroppo in fase critica.<\/p>\n<p style=\"text-align: justify;\"><strong>LA RETE DELL&#8217;INFARTO<\/strong> &#8211; Nella giornata di studi che si sta svolgendo nella palazzina direzionale dell&#8217;ospedale di Latina, i numeri, per i medici del cuore, sono solo un punto di partenza per rilanciare e studiare come migliorare ulteriormente le performance che si traducono molto concretamente in vite salvate.<\/p>\n<p style=\"text-align: justify;\">&#8220;I dati ci danno grande soddisfazione, ma vogliamo capire\u00a0 &#8211; spiega Versaci &#8211; che cosa possiamo fare di pi\u00f9 e cio\u00e8 come possiamo evitare l&#8217;aggravarsi dei sintomi dal momento che \u00e8 dato scientifico il fatto che la mortalit\u00e0 per infarto del miocardio cresce man mano che si tarda a chiamare i soccorsi e ogni 10 minuti di ritardo aumenta di 3 volte e mezzo. E&#8217; questo che la popolazione deve sapere. Ed \u00e8 per questo che sono importanti i defibrillatori di cui con il Comune di Latina stiamo\u00a0 dotando il capoluogo&#8221;.<\/p>\n<p style=\"text-align: justify;\"><strong>COME FUNZIONA LA RETE<\/strong>\u00a0&#8211; E&#8217; fondamentale\u00a0 l&#8217;attivit\u00e0 di informazione perch\u00e9 i pazienti devono sapere che con i sintomi dell&#8217;infarto non si corre in ospedale n\u00e9 da soli n\u00e8 accompagnati da un parente con mezzi propri: &#8220;Si chiama il 118 e si attende l&#8217;arrivo dell&#8217;ambulanza o dell&#8217;elicottero. Gli operatori del 118 attivano infatti il primo soccorso, trasmettono il tracciato al medico del reparto che lo legge e\u00a0 fornisce loro le indicazioni sui primi trattamenti da effettuare. Intanto l&#8217;unit\u00e0 coronarica prepara l&#8217;equipe che attende il paziente in sala operatoria bypassando totalmente il pronto soccorso. La diagnosi infatti \u00e8 gi\u00e0 fatta&#8221;.<\/p>\n<p style=\"text-align: justify;\"><strong>DEFIBRILLATORI PER LATINA<\/strong> &#8211;\u00a0 Importante su questo fronte la diffusione dei defibrillatori di cui si sta dotando Latina grazie ad una collaborazione tra Asl e Comune. Si tratta di defibrillatori intelligenti, che chiunque pu\u00f2 usare: &#8220;Basta premere un pulsante e l&#8217;apparecchio, che \u00e8 collegato con l&#8217;ospedale, parla e fornisce le istruzioni necessarie&#8221;. Non bisogna essere medici, non bisogna aver seguito corsi.<\/p>\n<p style=\"text-align: justify;\"><strong>CON LE SCUOLE<\/strong> &#8211; La Uoc del Goretti guarda ai giovani come interlocutori privilegiati a cui rivolgersi per l&#8217;attivit\u00e0 di prevenzione-formazione. &#8220;Il concetto di cardioprotezione deve estendersi anche alla popolazione. E&#8217; infatti l&#8217;interazione tra popolazione e operatori sanitari a dare il risultato. per questo occorre fare educazione partendo dagli studenti.\u00a0 Oggi pomeriggio\u00a0 &#8211; spiega il cardiologo\u00a0 &#8211; i nostri medici incontreranno alcune classi del liceo scientifico Majorana e i ragazzi faranno un&#8217;angioplastica coronarica&#8221;.<\/p>\n<p style=\"text-align: justify;\">Non basta, naturalmente. Servono ulteriori dotazioni e una struttura all&#8217;altezza: &#8220;Passare da un ospedale anni &#8217;70 ad un ospedale all&#8217;altezza del compito anche per le strutture&#8221;, dice Versaci che ha chiesto alla Asl investimenti ottenendo un impegno su questo fronte.<\/p>\n<p>Ascolta il professor Francesco Versaci<\/p>\n<audio class=\"wp-audio-shortcode\" id=\"audio-219857-2\" preload=\"none\" style=\"width: 100%;\" controls=\"controls\"><source type=\"audio\/mpeg\" src=\"http:\/\/www.radioluna.it\/news\/wp-content\/uploads\/2018\/03\/versaci-rete-per-linfarto.mp3?_=2\" \/><a href=\"http:\/\/www.radioluna.it\/news\/wp-content\/uploads\/2018\/03\/versaci-rete-per-linfarto.mp3\">http:\/\/www.radioluna.it\/news\/wp-content\/uploads\/2018\/03\/versaci-rete-per-linfarto.mp3<\/a><\/audio>\n","protected":false},"excerpt":{"rendered":"<p>LATINA &#8211;\u00a0La rete per l&#8217;infarto della Asl di Latina \u00e8 la prima in Italia. Lo dicono i numeri anticipati oggi dal professor Francesco Versaci direttore della Uoc di Emodinamica e Cardiologia del Goretti nel corso del convegno &#8220;La Citt\u00e0 cardioprotetta&#8221;, in attesa di quelli ufficiali che potranno solo confermare quanto emerso questa mattina. Facendo una [&hellip;]<\/p>\n","protected":false},"author":62,"featured_media":219860,"comment_status":"open","ping_status":"open","sticky":false,"template":"","format":"standard","meta":{"footnotes":""},"categories":[2310,7,2616],"tags":[],"class_list":["post-219857","post","type-post","status-publish","format-standard","has-post-thumbnail","hentry","category-audio","category-cronaca","category-sanita"],"_links":{"self":[{"href":"https:\/\/www.radioluna.it\/news\/wp-json\/wp\/v2\/posts\/219857","targetHints":{"allow":["GET"]}}],"collection":[{"href":"https:\/\/www.radioluna.it\/news\/wp-json\/wp\/v2\/posts"}],"about":[{"href":"https:\/\/www.radioluna.it\/news\/wp-json\/wp\/v2\/types\/post"}],"author":[{"embeddable":true,"href":"https:\/\/www.radioluna.it\/news\/wp-json\/wp\/v2\/users\/62"}],"replies":[{"embeddable":true,"href":"https:\/\/www.radioluna.it\/news\/wp-json\/wp\/v2\/comments?post=219857"}],"version-history":[{"count":0,"href":"https:\/\/www.radioluna.it\/news\/wp-json\/wp\/v2\/posts\/219857\/revisions"}],"wp:featuredmedia":[{"embeddable":true,"href":"https:\/\/www.radioluna.it\/news\/wp-json\/wp\/v2\/media\/219860"}],"wp:attachment":[{"href":"https:\/\/www.radioluna.it\/news\/wp-json\/wp\/v2\/media?parent=219857"}],"wp:term":[{"taxonomy":"category","embeddable":true,"href":"https:\/\/www.radioluna.it\/news\/wp-json\/wp\/v2\/categories?post=219857"},{"taxonomy":"post_tag","embeddable":true,"href":"https:\/\/www.radioluna.it\/news\/wp-json\/wp\/v2\/tags?post=219857"}],"curies":[{"name":"wp","href":"https:\/\/api.w.org\/{rel}","templated":true}]}}