{"id":220437,"date":"2018-04-07T09:15:53","date_gmt":"2018-04-07T07:15:53","guid":{"rendered":"http:\/\/www.radioluna.it\/news\/?p=220437"},"modified":"2018-04-10T04:09:46","modified_gmt":"2018-04-10T02:09:46","slug":"don-pasquale-versione-2018-loperetta-al-dannunzio","status":"publish","type":"post","link":"https:\/\/www.radioluna.it\/news\/2018\/04\/don-pasquale-versione-2018-loperetta-al-dannunzio\/","title":{"rendered":"Don Pasquale versione 2018, l&#8217;operetta al D&#8217;Annunzio"},"content":{"rendered":"<div id=\"fb-root\"><\/div>\n<p style=\"text-align: justify;\"><strong>LATINA<\/strong> &#8211; Tutto pronto al D&#8217;Annunzio per la messa in scena del Don Pasquale dopo le due repliche riservate agli studenti delle scuole nell&#8217;ambito del progetto <em>La Scuola all&#8217;Opera<\/em> dedicato alla conoscenza del melodramma. Domenica 8 aprile (alle 18) la rappresentazione dell&#8217;opera buffa in tre atti di Donizetti (libretto di Michele Artusi) sar\u00e0 aperta al pubblico nella versione originale proposta dai registi\u00a0 Dario Ciotoli e Davide D&#8217;Elia che lo hanno epurato delle sue parti meno significative per mettere il rilievo tutta la sua forza, tra\u00a0scene comiche, travestimenti, inganni, e soprattutto\u00a0 &#8211; come sottolinea il Campus internazionale di Musica che lo ha coprodotto &#8211; &#8220;riportando le tematiche del tempo ad un contesto attuale, senza modificare il contenuto originario&#8221;.<\/p>\n<p style=\"text-align: justify;\"><img loading=\"lazy\" decoding=\"async\" class=\"alignnone wp-image-220438\" src=\"http:\/\/www.radioluna.it\/news\/wp-content\/uploads\/2018\/04\/don-pasquale-locandina-300x248.jpg\" alt=\"\" width=\"1000\" height=\"825\" srcset=\"https:\/\/www.radioluna.it\/news\/wp-content\/uploads\/2018\/04\/don-pasquale-locandina-300x248.jpg 300w, https:\/\/www.radioluna.it\/news\/wp-content\/uploads\/2018\/04\/don-pasquale-locandina-500x413.jpg 500w, https:\/\/www.radioluna.it\/news\/wp-content\/uploads\/2018\/04\/don-pasquale-locandina.jpg 543w\" sizes=\"auto, (max-width: 1000px) 100vw, 1000px\" \/><\/p>\n<p style=\"text-align: justify;\">Attori e cantanti si muoveranno sfruttando tutto il teatro e non solo il palcoscenico &#8220;per avvicinare e rendere\u00a0pi\u00f9 suggestivo il rapporto tra artisti e spettatore&#8221;. Nei panni di Don Pasquale ci sar\u00e0 Mauro Utzeri, il maestro Ciotoli interpreter\u00e0 Malatesta, Luigi Petrini sar\u00e0 Ernesto, Hersi Matnuja vestir\u00e0 i panni di Norina, mentre un notaro sar\u00e0 Alvaro Checchelani.\u00a0 Nel coro anche trenta studenti del Liceo Musicale Manzoni diretti come il coro madrigaletto dal maestro Nicol\u00f2 Iucolano<\/p>\n<p>I Biglietti saranno in vendita al botteghino del Teatro D\u2019Annunzio,\u00a0 a partire dalle ore 16.30 di domenica 8 aprile. Costo biglietti: Intero: 20\u20ac; Ridotto: 15\u20ac; Under14: 10\u20ac<\/p>\n<p style=\"text-align: justify;\">CHI E&#8217; DARIO CIOTOLI &#8211;\u00a0\u00a0Cantante lirico, attore, si \u00e8 formato presso il conservatorio Ottorino Respighi di Latina, diplomatosi con il massimo dei voti, per poi perfezionarsi sotto la superba guida di Renata Scotto, Anna Vandi e Cesare Scarton all\u2019Accademia di Santa Cecilia di Roma. Diplomato anche in recitazione, ha attivo numerose partecipazioni a spettacoli di rilevante importanza, quali \u201cCarmen \u2013 secondo l\u2019Orchestra di Piazza Vittorio\u201d esibendosi al teatro Olimpico di Roma e al Festival Internazionale del Barhein,\u00a0 \u201c<em>Una di vino commedia<\/em>\u201d scritta e diretta da Luis Bacalov, \u201c<em>Traviata<\/em>\u201ddi G. Verdi, &#8220;<em>Pagliacci<\/em>&#8221; di R. Leoncavallo nel il ruolo di <strong>Tonio<\/strong>, &#8220;<em>Dirindina<\/em>&#8221; di D. Scarlatti, con registrazione di Radiotre, &#8220;<em>Il Naso<\/em>&#8221; di Schostakowitsch diretta da Alejo Perez presso il Teatro dell&#8217;Opera di Roma, regia di Peter Stein, \u201c<em>Carmen\u201d <\/em>e \u201c<em>Sonnambula<\/em>\u201d <em>\u00a0<\/em>al Gran Teatro La Fenice, &#8220;<em>Un giorno di regno<\/em>&#8221; di G.Verdi registrato e distribuito dalla TACTUS, \u201d<em>Elisir d&#8217;Amore<\/em>\u201d di Donizetti, \u201d<em>Heure espagnole<\/em>\u201d di Ravel, \u201d<em>Adina<\/em>\u201d di Rossini, \u201c<em>Nozze di Figaro<\/em>\u201d di Mozart, \u201c<em>Cos\u00ec fan tutte<\/em>\u201d diretta da Kent Nagano, \u201c<em>Amelia al Ballo<\/em>\u201d diretto da Johannes Degus, tenutasi allo Spoleto Festival dei 2 Mondi.<\/p>\n<p style=\"text-align: justify;\">Ha curato la regia delle opere \u201cServa Padrona\u201d di G.B.Pergolesi, \u201cIl Campanello\u201d di Donizetti e \u201cDon Giovanni\u201d di W.A.Mozart tenutesi presso l\u2019Auditorium del Liceo Classico \u201cDante Alighieri\u201d di Latina.<\/p>\n<p>&nbsp;<\/p>\n","protected":false},"excerpt":{"rendered":"<p>LATINA &#8211; Tutto pronto al D&#8217;Annunzio per la messa in scena del Don Pasquale dopo le due repliche riservate agli studenti delle scuole nell&#8217;ambito del progetto La Scuola all&#8217;Opera dedicato alla conoscenza del melodramma. Domenica 8 aprile (alle 18) la rappresentazione dell&#8217;opera buffa in tre atti di Donizetti (libretto di Michele Artusi) sar\u00e0 aperta al [&hellip;]<\/p>\n","protected":false},"author":62,"featured_media":220318,"comment_status":"open","ping_status":"open","sticky":false,"template":"","format":"standard","meta":{"footnotes":""},"categories":[15],"tags":[],"class_list":["post-220437","post","type-post","status-publish","format-standard","has-post-thumbnail","hentry","category-cultura"],"_links":{"self":[{"href":"https:\/\/www.radioluna.it\/news\/wp-json\/wp\/v2\/posts\/220437","targetHints":{"allow":["GET"]}}],"collection":[{"href":"https:\/\/www.radioluna.it\/news\/wp-json\/wp\/v2\/posts"}],"about":[{"href":"https:\/\/www.radioluna.it\/news\/wp-json\/wp\/v2\/types\/post"}],"author":[{"embeddable":true,"href":"https:\/\/www.radioluna.it\/news\/wp-json\/wp\/v2\/users\/62"}],"replies":[{"embeddable":true,"href":"https:\/\/www.radioluna.it\/news\/wp-json\/wp\/v2\/comments?post=220437"}],"version-history":[{"count":0,"href":"https:\/\/www.radioluna.it\/news\/wp-json\/wp\/v2\/posts\/220437\/revisions"}],"wp:featuredmedia":[{"embeddable":true,"href":"https:\/\/www.radioluna.it\/news\/wp-json\/wp\/v2\/media\/220318"}],"wp:attachment":[{"href":"https:\/\/www.radioluna.it\/news\/wp-json\/wp\/v2\/media?parent=220437"}],"wp:term":[{"taxonomy":"category","embeddable":true,"href":"https:\/\/www.radioluna.it\/news\/wp-json\/wp\/v2\/categories?post=220437"},{"taxonomy":"post_tag","embeddable":true,"href":"https:\/\/www.radioluna.it\/news\/wp-json\/wp\/v2\/tags?post=220437"}],"curies":[{"name":"wp","href":"https:\/\/api.w.org\/{rel}","templated":true}]}}