{"id":221688,"date":"2018-04-30T18:16:20","date_gmt":"2018-04-30T16:16:20","guid":{"rendered":"http:\/\/www.radioluna.it\/news\/?p=221688"},"modified":"2018-05-01T17:08:58","modified_gmt":"2018-05-01T15:08:58","slug":"elezioni-provinciali-coletta-complimenti-al-vincitore-ma-il-nuovo-siamo-noi","status":"publish","type":"post","link":"https:\/\/www.radioluna.it\/news\/2018\/04\/elezioni-provinciali-coletta-complimenti-al-vincitore-ma-il-nuovo-siamo-noi\/","title":{"rendered":"Elezioni provinciali, Coletta: &#8220;Complimenti al vincitore, ma il nuovo siamo noi&#8221;"},"content":{"rendered":"<div id=\"fb-root\"><\/div>\n<p style=\"text-align: justify;\"><strong>LATINA<\/strong> &#8211; Il bicchiere \u00e8 mezzo pieno. Il sindaco di Latina Damiano Coletta, all&#8217;indomani della vittoria di Carlo Medici nelle elezioni provinciali, fa i complimenti all&#8217;avversario, ma, dopo aver letto nel dettaglio il risultato che lo ha portato a perdere con soli due punti percentuali, decide di fare alcune considerazioni che esterna in una conferenza stampa convocata nella sala De Pasquale del palazzo comunale.<\/p>\n<p style=\"text-align: justify;\">&#8220;Sono uno sportivo per cultura\u00a0 &#8211; esordisce Coletta, che appare sorridente e rilassato pi\u00f9 di quanto ci si potesse aspettare da chi \u00e8 abituato a vincere ed \u00e8 costretto a commentare una sconfitta &#8211; e quindi rivolgo innanzitutto il mio in bocca al lupo al nuovo Presidente della Provincia. Quanto al risultato di queste elezioni provinciali ho avuto modo di fare delle riflessioni che voglio condividere: Medici\u00a0 &#8211; sottolinea Coletta &#8211; ha conquistato il 36,5 %, noi il 34%, Gervasi, peccato, solo il 20%. Considero il nostro un risultato importante che colma un divario che in questa provincia c&#8217;\u00e8 sempre stato con una certa area che ha governato per anni e che oggi ci supera\u00a0solo del 2% grazie ad un&#8217;alleanza tra Pd e Forza Italia&#8221;.<\/p>\n<p style=\"text-align: justify;\">Per Coletta dunque il bicchiere \u00e8 mezzo pieno, una non-vittoria piuttosto che una sconfitta. Il rimpianto semmai \u00e8 per alcuni obiettivi che ora\u00a0 &#8211; dice &#8211; &#8220;sono pi\u00f9 a rischio&#8221;: &#8220;La strada verso la ripubblicizzazione del servizio idrico per esempio doveva concludersi fra un anno circa, spero di sbagliarmi, ma la vedo in pericolo. Il nostro compito \u00e8 vigilare perch\u00e9 si vada avanti&#8221;. E i dubbi sono legittimi se a sostenere Medici \u00e8 stato il partito controllato dall&#8217;onnipresente Claudio Fazzone, il grande manovratore di Acqualatina, anche se i margini di vittoria del senatore di Forza Italia in ambito provinciale oggi appaiono decisamente pi\u00f9 risicati.<\/p>\n<p style=\"text-align: justify;\">&#8220;Queste elezioni dicono che in questo territorio c&#8217;\u00e8 una realt\u00e0 che \u00e8 presente ed \u00e8 trasversale, formata da varie forze che si sono unite intorno ad un progetto e non intorno alle poltrone.\u00a0 Ora queste forze possono sedere ad uno stesso tavolo permanente. La politica sta cambiando &#8211; aggiunge Coletta &#8211; e queste elezioni ne sono la prova. Non crediamo di essere rivoluzionari, ma sicuramente stiamo dando una mano al cambiamento&#8221;.<\/p>\n","protected":false},"excerpt":{"rendered":"<p>LATINA &#8211; Il bicchiere \u00e8 mezzo pieno. Il sindaco di Latina Damiano Coletta, all&#8217;indomani della vittoria di Carlo Medici nelle elezioni provinciali, fa i complimenti all&#8217;avversario, ma, dopo aver letto nel dettaglio il risultato che lo ha portato a perdere con soli due punti percentuali, decide di fare alcune considerazioni che esterna in una conferenza [&hellip;]<\/p>\n","protected":false},"author":62,"featured_media":221689,"comment_status":"open","ping_status":"open","sticky":false,"template":"","format":"standard","meta":{"footnotes":""},"categories":[8],"tags":[],"class_list":["post-221688","post","type-post","status-publish","format-standard","has-post-thumbnail","hentry","category-politica"],"_links":{"self":[{"href":"https:\/\/www.radioluna.it\/news\/wp-json\/wp\/v2\/posts\/221688","targetHints":{"allow":["GET"]}}],"collection":[{"href":"https:\/\/www.radioluna.it\/news\/wp-json\/wp\/v2\/posts"}],"about":[{"href":"https:\/\/www.radioluna.it\/news\/wp-json\/wp\/v2\/types\/post"}],"author":[{"embeddable":true,"href":"https:\/\/www.radioluna.it\/news\/wp-json\/wp\/v2\/users\/62"}],"replies":[{"embeddable":true,"href":"https:\/\/www.radioluna.it\/news\/wp-json\/wp\/v2\/comments?post=221688"}],"version-history":[{"count":0,"href":"https:\/\/www.radioluna.it\/news\/wp-json\/wp\/v2\/posts\/221688\/revisions"}],"wp:featuredmedia":[{"embeddable":true,"href":"https:\/\/www.radioluna.it\/news\/wp-json\/wp\/v2\/media\/221689"}],"wp:attachment":[{"href":"https:\/\/www.radioluna.it\/news\/wp-json\/wp\/v2\/media?parent=221688"}],"wp:term":[{"taxonomy":"category","embeddable":true,"href":"https:\/\/www.radioluna.it\/news\/wp-json\/wp\/v2\/categories?post=221688"},{"taxonomy":"post_tag","embeddable":true,"href":"https:\/\/www.radioluna.it\/news\/wp-json\/wp\/v2\/tags?post=221688"}],"curies":[{"name":"wp","href":"https:\/\/api.w.org\/{rel}","templated":true}]}}