{"id":222674,"date":"2018-05-15T15:58:43","date_gmt":"2018-05-15T13:58:43","guid":{"rendered":"http:\/\/www.radioluna.it\/news\/?p=222674"},"modified":"2018-05-20T14:23:11","modified_gmt":"2018-05-20T12:23:11","slug":"lollo-lavora-al-mcdonalds-di-via-isonzo","status":"publish","type":"post","link":"https:\/\/www.radioluna.it\/news\/2018\/05\/lollo-lavora-al-mcdonalds-di-via-isonzo\/","title":{"rendered":"Lollo lavora al McDonald&#8217;s di Via Isonzo"},"content":{"rendered":"<div id=\"fb-root\"><\/div>\n<p style=\"text-align: justify;\"><strong><img loading=\"lazy\" decoding=\"async\" class=\"alignnone wp-image-222678 \" src=\"http:\/\/www.radioluna.it\/news\/wp-content\/uploads\/2018\/05\/cartellino-timbrato.jpg\" alt=\"\" width=\"808\" height=\"1077\" srcset=\"https:\/\/www.radioluna.it\/news\/wp-content\/uploads\/2018\/05\/cartellino-timbrato.jpg 720w, https:\/\/www.radioluna.it\/news\/wp-content\/uploads\/2018\/05\/cartellino-timbrato-225x300.jpg 225w, https:\/\/www.radioluna.it\/news\/wp-content\/uploads\/2018\/05\/cartellino-timbrato-500x667.jpg 500w\" sizes=\"auto, (max-width: 808px) 100vw, 808px\" \/>LATINA<\/strong> &#8211; Lorenzo ha firmato il suo primo e pi\u00f9 desiderato contratto di lavoro. Ha indossato la camicia verde, il cappellino della divisa McDonald&#8217;s e da oggi \u00e8 in servizio nel punto vendita di via Isonzo. &#8220;Contratto di lavoro di 12 mesi, valido fino a maggio 2019&#8221;, spiegano dall&#8217;Aipd di Latina, l&#8217;associazione Italiana Persone Down che da anni lavora costantemente sul fronte dell&#8217;integrazione e dell&#8217;autonomia dei ragazzi affetti dalla sindrome.<\/p>\n<p style=\"text-align: justify;\">L&#8217;operazione \u00e8 andata in porto, perch\u00e9 a quanto pare Lollo desiderava proprio quel posto e la mamma ha creduto in lui e nei suoi mezzi. Quindi, si \u00e8 data da fare: &#8220;Grazie alla tenacia della mamma,\u00a0Pina Cirillo, che ha curato i rapporti con l&#8217;azienda, contattando la direzione generale di Milano e arrivando alla sede di Latina,\u00a0Lorenzo \u00e8 stato assunto in una nuova e accogliente struttura&#8221;. La sua tutor sar\u00e0 un&#8217;operatrice dell&#8217;Aidp, Valentina, che lo seguir\u00e0 nell&#8217;avvio del percorso lavorativo.<\/p>\n<p style=\"text-align: justify;\">Non resta che fare gli auguri a Lorenzo, a Valentina, all&#8217;Aidp e naturalmente alla tenace mamma di Lollo.<\/p>\n<div class=\"radio-posizionamento-telefono-in-articoli-dopo-il-contenuto-articolo radio-entity-placement\" id=\"radio-3231212327\"><div id=\"radio-225320018\"><a href=\"https:\/\/www.simeoneceramiche.com\/\" aria-label=\"SIMEONE CERAMICHE GIF animata per radioluna_Tavola disegno 1 copia 2 (online-video-cutter.com)\"><img loading=\"lazy\" decoding=\"async\" src=\"https:\/\/www.radioluna.it\/news\/wp-content\/uploads\/2025\/05\/SIMEONE-CERAMICHE-GIF-animata-per-radioluna_Tavola-disegno-1-copia-2-online-video-cutter.com_.gif\" alt=\"\"  width=\"300\" height=\"250\"   \/><\/a><\/div><\/div>","protected":false},"excerpt":{"rendered":"<p>LATINA &#8211; Lorenzo ha firmato il suo primo e pi\u00f9 desiderato contratto di lavoro. Ha indossato la camicia verde, il cappellino della divisa McDonald&#8217;s e da oggi \u00e8 in servizio nel punto vendita di via Isonzo. &#8220;Contratto di lavoro di 12 mesi, valido fino a maggio 2019&#8221;, spiegano dall&#8217;Aipd di Latina, l&#8217;associazione Italiana Persone Down [&hellip;]<\/p>\n","protected":false},"author":62,"featured_media":222676,"comment_status":"open","ping_status":"open","sticky":false,"template":"","format":"standard","meta":{"footnotes":""},"categories":[7],"tags":[],"class_list":["post-222674","post","type-post","status-publish","format-standard","has-post-thumbnail","hentry","category-cronaca"],"_links":{"self":[{"href":"https:\/\/www.radioluna.it\/news\/wp-json\/wp\/v2\/posts\/222674","targetHints":{"allow":["GET"]}}],"collection":[{"href":"https:\/\/www.radioluna.it\/news\/wp-json\/wp\/v2\/posts"}],"about":[{"href":"https:\/\/www.radioluna.it\/news\/wp-json\/wp\/v2\/types\/post"}],"author":[{"embeddable":true,"href":"https:\/\/www.radioluna.it\/news\/wp-json\/wp\/v2\/users\/62"}],"replies":[{"embeddable":true,"href":"https:\/\/www.radioluna.it\/news\/wp-json\/wp\/v2\/comments?post=222674"}],"version-history":[{"count":0,"href":"https:\/\/www.radioluna.it\/news\/wp-json\/wp\/v2\/posts\/222674\/revisions"}],"wp:featuredmedia":[{"embeddable":true,"href":"https:\/\/www.radioluna.it\/news\/wp-json\/wp\/v2\/media\/222676"}],"wp:attachment":[{"href":"https:\/\/www.radioluna.it\/news\/wp-json\/wp\/v2\/media?parent=222674"}],"wp:term":[{"taxonomy":"category","embeddable":true,"href":"https:\/\/www.radioluna.it\/news\/wp-json\/wp\/v2\/categories?post=222674"},{"taxonomy":"post_tag","embeddable":true,"href":"https:\/\/www.radioluna.it\/news\/wp-json\/wp\/v2\/tags?post=222674"}],"curies":[{"name":"wp","href":"https:\/\/api.w.org\/{rel}","templated":true}]}}