{"id":222735,"date":"2018-05-16T11:22:32","date_gmt":"2018-05-16T09:22:32","guid":{"rendered":"http:\/\/www.radioluna.it\/news\/?p=222735"},"modified":"2018-05-16T11:22:32","modified_gmt":"2018-05-16T09:22:32","slug":"nella-redazione-del-classico-giornale","status":"publish","type":"post","link":"https:\/\/www.radioluna.it\/news\/2018\/05\/nella-redazione-del-classico-giornale\/","title":{"rendered":"Nella redazione del Classico Giornale"},"content":{"rendered":"<div id=\"fb-root\"><\/div>\n<audio class=\"wp-audio-shortcode\" id=\"audio-222735-1\" preload=\"none\" style=\"width: 100%;\" controls=\"controls\"><source type=\"audio\/mpeg\" src=\"http:\/\/www.radioluna.it\/news\/wp-content\/uploads\/2018\/05\/radio-libera-per-sito-1.mp3?_=1\" \/><a href=\"http:\/\/www.radioluna.it\/news\/wp-content\/uploads\/2018\/05\/radio-libera-per-sito-1.mp3\">http:\/\/www.radioluna.it\/news\/wp-content\/uploads\/2018\/05\/radio-libera-per-sito-1.mp3<\/a><\/audio>\n<p style=\"text-align: justify;\"><strong>LATINA<\/strong> &#8211; Pigri, bamboccioni, immobili, cellulare dipendenti&#8230; quante ne sentiamo ogni giorno sui giovani e giovanissimi. E noi per primi non li ascoltiamo. Li giudichiamo e crediamo poco nella forza delle loro idee.<\/p>\n<p style=\"text-align: justify;\">Da anni sono sempre in mezzo ai ragazzi grazie al mio lavoro e da qualche mese ho la fortuna di avere a che fare con un gruppo di pi\u00f9 di 20 studenti che ha deciso di entrare a far parte della redazione del giornale del proprio Liceo, \u2018Ancora il Classico Giornale\u2019.<\/p>\n<p style=\"text-align: justify;\">Quando sono arrivata la prima volta hanno ascoltato, poi sono stati divisi in gruppi di lavoro, in base ai loro interessi, poi hanno con entusiasmo partecipato alle attivit\u00e0 in strada, sul campo, vicino a quella realt\u00e0 che a loro spesso sembra lontana, patinata, irraggiungibile&#8230; perch\u00e9 cos\u00ec gli adulti gliela rappresentano.<\/p>\n<p>Hanno osservato, fotografato e scritto, provando a lasciarsi andare, a uscire dagli schemi nei quali spesso vengono ingabbiati, imparando a fidarsi e ad affidarsi. A volte con quei moti di orgoglio difficili da imbrigliare, a volte con umilt\u00e0, a volte provando a barcamenarsi tra compiti in classe, alternanza scuola lavoro, interrogazioni ed esame di maturit\u00e0 da preparare!<\/p>\n<p style=\"text-align: justify;\">Hanno eseguito i compiti assegnati e poi hanno cominciato a proporre, a chiedere di partecipare a manifestazioni, ad organizzare eventi, come \u00e8 accaduto lo scorso 21 marzo per la giornata della memoria. E a scrivere articoli con la prospettiva vergine di chi fa una domanda e pretende una risposta senza giri di parole. Di chi legge Max e di chi trova legami tra Moro e Impastato e di chi crede che il mondo possa essere rovesciato, basta scegliere da che parte stare, di chi sta decidendo il proprio futuro e lo vuole dipingere giorno dopo giorno con i colori che pi\u00f9 lo rappresentano, senza condizionamenti e paure&#8230;<\/p>\n<p style=\"text-align: justify;\">Tra due settimane questa avventura si concluder\u00e0. Qualcuno continuer\u00e0 il proprio cammino altrove, qualcuno camminer\u00e0 ancora per le strade di Latina e nei corridoi dell\u2019Alighieri&#8230; sul giornale le tracce indelebili del loro passaggio, della loro curiosit\u00e0 e di quell\u2019impegno che ha trovato una strada attraverso la quale esprimersi. Perch\u00e9 solo questo chiedono: di essere ascoltati!<\/p>\n<div class=\"radio-posizionamento-telefono-in-articoli-dopo-il-contenuto-articolo radio-entity-placement\" id=\"radio-3440523379\"><div id=\"radio-4042124423\"><a href=\"https:\/\/grupporedi.it\/\" aria-label=\"Redi-Qr\"><img loading=\"lazy\" decoding=\"async\" src=\"https:\/\/www.radioluna.it\/news\/wp-content\/uploads\/2026\/03\/Redi-Qr.jpg\" alt=\"\"  srcset=\"https:\/\/www.radioluna.it\/news\/wp-content\/uploads\/2026\/03\/Redi-Qr.jpg 800w, https:\/\/www.radioluna.it\/news\/wp-content\/uploads\/2026\/03\/Redi-Qr-768x639.jpg 768w\" sizes=\"(max-width: 800px) 100vw, 800px\" width=\"300\" height=\"250\"   \/><\/a><\/div><\/div>","protected":false},"excerpt":{"rendered":"<p>LATINA &#8211; Pigri, bamboccioni, immobili, cellulare dipendenti&#8230; quante ne sentiamo ogni giorno sui giovani e giovanissimi. E noi per primi non li ascoltiamo. Li giudichiamo e crediamo poco nella forza delle loro idee. Da anni sono sempre in mezzo ai ragazzi grazie al mio lavoro e da qualche mese ho la fortuna di avere a [&hellip;]<\/p>\n","protected":false},"author":5438,"featured_media":222736,"comment_status":"open","ping_status":"open","sticky":false,"template":"","format":"standard","meta":{"footnotes":""},"categories":[2310,2359],"tags":[],"class_list":["post-222735","post","type-post","status-publish","format-standard","has-post-thumbnail","hentry","category-audio","category-radio-libera"],"_links":{"self":[{"href":"https:\/\/www.radioluna.it\/news\/wp-json\/wp\/v2\/posts\/222735","targetHints":{"allow":["GET"]}}],"collection":[{"href":"https:\/\/www.radioluna.it\/news\/wp-json\/wp\/v2\/posts"}],"about":[{"href":"https:\/\/www.radioluna.it\/news\/wp-json\/wp\/v2\/types\/post"}],"author":[{"embeddable":true,"href":"https:\/\/www.radioluna.it\/news\/wp-json\/wp\/v2\/users\/5438"}],"replies":[{"embeddable":true,"href":"https:\/\/www.radioluna.it\/news\/wp-json\/wp\/v2\/comments?post=222735"}],"version-history":[{"count":0,"href":"https:\/\/www.radioluna.it\/news\/wp-json\/wp\/v2\/posts\/222735\/revisions"}],"wp:featuredmedia":[{"embeddable":true,"href":"https:\/\/www.radioluna.it\/news\/wp-json\/wp\/v2\/media\/222736"}],"wp:attachment":[{"href":"https:\/\/www.radioluna.it\/news\/wp-json\/wp\/v2\/media?parent=222735"}],"wp:term":[{"taxonomy":"category","embeddable":true,"href":"https:\/\/www.radioluna.it\/news\/wp-json\/wp\/v2\/categories?post=222735"},{"taxonomy":"post_tag","embeddable":true,"href":"https:\/\/www.radioluna.it\/news\/wp-json\/wp\/v2\/tags?post=222735"}],"curies":[{"name":"wp","href":"https:\/\/api.w.org\/{rel}","templated":true}]}}