{"id":222745,"date":"2018-05-16T12:37:53","date_gmt":"2018-05-16T10:37:53","guid":{"rendered":"http:\/\/www.radioluna.it\/news\/?p=222745"},"modified":"2018-05-16T12:37:53","modified_gmt":"2018-05-16T10:37:53","slug":"striscione-contro-karibu-clima-di-odio-dannoso","status":"publish","type":"post","link":"https:\/\/www.radioluna.it\/news\/2018\/05\/striscione-contro-karibu-clima-di-odio-dannoso\/","title":{"rendered":"Striscione contro Karib\u00f9: &#8220;Clima di odio dannoso&#8221;"},"content":{"rendered":"<div id=\"fb-root\"><\/div>\n<p style=\"text-align: justify;\"><strong>LATINA<\/strong> &#8211; Dopo l\u2019affissione abusiva di <a href=\"http:\/\/www.radioluna.it\/news\/2018\/05\/striscione-di-casapound-contro-karibu-la-coop-incontriamoci-e-parliamo\/\">uno striscione di Casapound<\/a> davanti la sede della cooperativa Karibu, l\u2019Amministrazione Comunale esprime la propria solidariet\u00e0 alla presidente della cooperativa, a tutti gli operatori e agli ospiti dei centri di accoglienza.<\/p>\n<p style=\"text-align: justify;\">\u00abQueste manifestazioni di intolleranza \u2013 chiosa l\u2019Assessora alle Politiche di Welfare Patrizia Ciccarelli &#8211; alimentano solo un clima di odio che oltre ad essere ingiusto \u00e8 altamente dannoso perch\u00e9 rende pi\u00f9 difficile il lavoro di chi \u00e8 impegnato tutti i giorni a fronteggiare un problema complesso quale \u00e8 quello degli effetti sui nostri territori dei flussi migratori, affrontati con politiche nazionali ed europee non sempre adeguate. Come Amministrazione continueremo ad essere accanto a questi operatori e a supportare il loro lavoro in quanto riteniamo che solo insieme si possa fare in modo che la paura non prevalga sul sentimento di accoglienza e solidariet\u00e0 insito nella maggioranza dei cittadini e delle cittadine di Latina\u00bb.<\/p>\n<div class=\"radio-posizionamento-telefono-in-articoli-dopo-il-contenuto-articolo radio-entity-placement\" id=\"radio-213679739\"><div id=\"radio-2734577599\"><a href=\"https:\/\/www.simeoneceramiche.com\/\" aria-label=\"SIMEONE CERAMICHE GIF animata per radioluna_Tavola disegno 1 copia 2 (online-video-cutter.com)\"><img loading=\"lazy\" decoding=\"async\" src=\"https:\/\/www.radioluna.it\/news\/wp-content\/uploads\/2025\/05\/SIMEONE-CERAMICHE-GIF-animata-per-radioluna_Tavola-disegno-1-copia-2-online-video-cutter.com_.gif\" alt=\"\"  width=\"300\" height=\"250\"   \/><\/a><\/div><\/div>","protected":false},"excerpt":{"rendered":"<p>LATINA &#8211; Dopo l\u2019affissione abusiva di uno striscione di Casapound davanti la sede della cooperativa Karibu, l\u2019Amministrazione Comunale esprime la propria solidariet\u00e0 alla presidente della cooperativa, a tutti gli operatori e agli ospiti dei centri di accoglienza. \u00abQueste manifestazioni di intolleranza \u2013 chiosa l\u2019Assessora alle Politiche di Welfare Patrizia Ciccarelli &#8211; alimentano solo un clima [&hellip;]<\/p>\n","protected":false},"author":62,"featured_media":222722,"comment_status":"open","ping_status":"open","sticky":false,"template":"","format":"standard","meta":{"footnotes":""},"categories":[7],"tags":[],"class_list":["post-222745","post","type-post","status-publish","format-standard","has-post-thumbnail","hentry","category-cronaca"],"_links":{"self":[{"href":"https:\/\/www.radioluna.it\/news\/wp-json\/wp\/v2\/posts\/222745","targetHints":{"allow":["GET"]}}],"collection":[{"href":"https:\/\/www.radioluna.it\/news\/wp-json\/wp\/v2\/posts"}],"about":[{"href":"https:\/\/www.radioluna.it\/news\/wp-json\/wp\/v2\/types\/post"}],"author":[{"embeddable":true,"href":"https:\/\/www.radioluna.it\/news\/wp-json\/wp\/v2\/users\/62"}],"replies":[{"embeddable":true,"href":"https:\/\/www.radioluna.it\/news\/wp-json\/wp\/v2\/comments?post=222745"}],"version-history":[{"count":0,"href":"https:\/\/www.radioluna.it\/news\/wp-json\/wp\/v2\/posts\/222745\/revisions"}],"wp:featuredmedia":[{"embeddable":true,"href":"https:\/\/www.radioluna.it\/news\/wp-json\/wp\/v2\/media\/222722"}],"wp:attachment":[{"href":"https:\/\/www.radioluna.it\/news\/wp-json\/wp\/v2\/media?parent=222745"}],"wp:term":[{"taxonomy":"category","embeddable":true,"href":"https:\/\/www.radioluna.it\/news\/wp-json\/wp\/v2\/categories?post=222745"},{"taxonomy":"post_tag","embeddable":true,"href":"https:\/\/www.radioluna.it\/news\/wp-json\/wp\/v2\/tags?post=222745"}],"curies":[{"name":"wp","href":"https:\/\/api.w.org\/{rel}","templated":true}]}}