{"id":223744,"date":"2018-06-02T15:39:39","date_gmt":"2018-06-02T13:39:39","guid":{"rendered":"http:\/\/www.radioluna.it\/news\/?p=223744"},"modified":"2018-06-03T16:16:43","modified_gmt":"2018-06-03T14:16:43","slug":"festa-della-repubblica-latina-saluta-il-72","status":"publish","type":"post","link":"https:\/\/www.radioluna.it\/news\/2018\/06\/festa-della-repubblica-latina-saluta-il-72\/","title":{"rendered":"Festa della Repubblica, Latina saluta il 72\u00b0"},"content":{"rendered":"<div id=\"fb-root\"><\/div>\n<p style=\"text-align: justify;\">LATINA &#8211; La lettura del messaggio del Presidente della Repubblica, Sergio Mattarella nel 72\u00b0 anniversario della nascita della Repubblica, da parte del prefetto di Latina Maria Rosa Trio ha aperto in Piazza della Libert\u00e0 la cerimonia della Festa della Repubblica, proseguita poi con la consegna delle medaglie d&#8217;onore e delle onorificenze al Merito della Repubblica Italiana a cittadine e cittadini che si sono distinti per atti di eroismo, per l&#8217;impegno nella solidariet\u00e0, nel soccorso, per l&#8217;attivit\u00e0 in favore dell&#8217;inclusione sociale, nella promozione della cultura, della legalit\u00e0 e per il contrasto alla violenza, ognuno accompagnato dal sindaco della citt\u00e0 in cui opera. Il Presidente Mattarella ha individuato, tra i tanti esempi presenti nella societ\u00e0 civile e nelle istituzioni, alcuni casi significativi di impegno civile, di dedizione al bene comune e di testimonianza dei valori repubblicani.<\/p>\n<p style=\"text-align: justify;\">Le medaglie d\u2019Onore sono andate ai\u00a0 familiari di 4 cittadini pontini deportati nei lager nazisti, mentre i diplomi delle onorificenze al merito della Repubblica sono state consegnate a 15 cittadini pontini. Giorgia Castellucci, studentessa del liceo artistico, ha ricevuto un attestato di riconoscimento per aver realizzato, con altri suoi compagni, il Manifesto del 72esimo anniversario della fondazione della Repubblica. In chiusura della manifestazione i Vigili del Fuoco hanno srotolato la bandiera tricolore lungo la facciata del palazzo della Prefettura. La cerimonia dell\u2019Ammaina bandiera si terr\u00e0 alle 18:50.<\/p>\n<p>IL MESSAGGIO DI MATTARELLA &#8211; &#8220;Da quel 2 giugno 1946, in cui si espressero i cittadini italiani, abbiamo vissuto anni intensi verso una profonda coesione del popolo italiano, in un cammino ispirato dalla nostra Carta Costituzionale, architrave delle Istituzioni e supremo riferimento per tutti.<br \/>\nValori di libert\u00e0, giustizia, uguaglianza fra gli uomini e rispetto dei diritti di tutti e di ciascuno sono il fondamento della nostra societ\u00e0 ed i pilastri su cui poggia la costruzione dell&#8217;Europa.<br \/>\nDalla condivisione di essi nasce il contributo che il nostro Paese offre con slancio, convinzione e generosit\u00e0 alla convivenza pacifica tra i popoli ed allo sviluppo della comunit\u00e0 internazionale.<br \/>\nTrova conferma in questo quadro il rilevante apporto garantito dalle Forze Armate, alle quali esprimo forte e convinto apprezzamento.<br \/>\nLa preziosa opera che svolgono al fianco dei cittadini in Patria, e in tante travagliate regioni del mondo a sostegno della stabilit\u00e0 e per l&#8217;assistenza alle popolazioni gravate dai conflitti, \u00e8 la migliore testimonianza del contributo che recano alla costruzione di una cornice di sicurezza per il nostro Paese.<br \/>\nAi soldati, marinai, avieri, carabinieri e finanzieri, di ogni ordine e grado ed in modo speciale a quanti in questo giorno di festa sono impegnati lontano dalle proprie case ed affetti, giungano un fervido augurio e la gratitudine del popolo italiano e mia personale.<br \/>\nViva le Forze Armate, Viva la Repubblica!\u00bb<br \/>\nRoma, 2 giugno 2018<\/p>\n<div class=\"radio-posizionamento-telefono-in-articoli-dopo-il-contenuto-articolo radio-entity-placement\" id=\"radio-3524754894\"><div id=\"radio-3939087579\" style=\"width: 300px;height: 250px;\"><a href=\"https:\/\/www.icarspa.it\/auto\/usate\/latina\/\" aria-label=\"banner aprile icar new life &#8211; auto usate latina\"><img loading=\"lazy\" decoding=\"async\" src=\"https:\/\/www.radioluna.it\/news\/wp-content\/uploads\/2026\/02\/banner-aprile-icar-new-life-auto-usate-latina.gif\" alt=\"\"  width=\"300\" height=\"250\"   \/><\/a><\/div><\/div>","protected":false},"excerpt":{"rendered":"<p>LATINA &#8211; La lettura del messaggio del Presidente della Repubblica, Sergio Mattarella nel 72\u00b0 anniversario della nascita della Repubblica, da parte del prefetto di Latina Maria Rosa Trio ha aperto in Piazza della Libert\u00e0 la cerimonia della Festa della Repubblica, proseguita poi con la consegna delle medaglie d&#8217;onore e delle onorificenze al Merito della Repubblica [&hellip;]<\/p>\n","protected":false},"author":62,"featured_media":223748,"comment_status":"open","ping_status":"open","sticky":false,"template":"","format":"standard","meta":{"footnotes":""},"categories":[7,2311],"tags":[],"class_list":["post-223744","post","type-post","status-publish","format-standard","has-post-thumbnail","hentry","category-cronaca","category-foto"],"_links":{"self":[{"href":"https:\/\/www.radioluna.it\/news\/wp-json\/wp\/v2\/posts\/223744","targetHints":{"allow":["GET"]}}],"collection":[{"href":"https:\/\/www.radioluna.it\/news\/wp-json\/wp\/v2\/posts"}],"about":[{"href":"https:\/\/www.radioluna.it\/news\/wp-json\/wp\/v2\/types\/post"}],"author":[{"embeddable":true,"href":"https:\/\/www.radioluna.it\/news\/wp-json\/wp\/v2\/users\/62"}],"replies":[{"embeddable":true,"href":"https:\/\/www.radioluna.it\/news\/wp-json\/wp\/v2\/comments?post=223744"}],"version-history":[{"count":0,"href":"https:\/\/www.radioluna.it\/news\/wp-json\/wp\/v2\/posts\/223744\/revisions"}],"wp:featuredmedia":[{"embeddable":true,"href":"https:\/\/www.radioluna.it\/news\/wp-json\/wp\/v2\/media\/223748"}],"wp:attachment":[{"href":"https:\/\/www.radioluna.it\/news\/wp-json\/wp\/v2\/media?parent=223744"}],"wp:term":[{"taxonomy":"category","embeddable":true,"href":"https:\/\/www.radioluna.it\/news\/wp-json\/wp\/v2\/categories?post=223744"},{"taxonomy":"post_tag","embeddable":true,"href":"https:\/\/www.radioluna.it\/news\/wp-json\/wp\/v2\/tags?post=223744"}],"curies":[{"name":"wp","href":"https:\/\/api.w.org\/{rel}","templated":true}]}}