{"id":224043,"date":"2018-06-07T08:09:58","date_gmt":"2018-06-07T06:09:58","guid":{"rendered":"http:\/\/www.radioluna.it\/news\/?p=224043"},"modified":"2018-06-07T08:09:58","modified_gmt":"2018-06-07T06:09:58","slug":"foceverde-danneggiata-larea-giochi","status":"publish","type":"post","link":"https:\/\/www.radioluna.it\/news\/2018\/06\/foceverde-danneggiata-larea-giochi\/","title":{"rendered":"Foceverde, danneggiata l&#8217;area giochi"},"content":{"rendered":"<div id=\"fb-root\"><\/div>\n<p style=\"text-align: justify;\"><strong>LATINA<\/strong> &#8211; L&#8217;area giochi di Foceverde \u00e8 stata danneggiata. Lo segnalano alcuni genitori che frequentano abitualmente il parco al Lido di Latina. Atti vandalici che impediranno ai bambini di utilizzare lo spazio pubblico attrezzato. Sembra tra l&#8217;altro si tratti della stupidit\u00e0 di qualcuno che ha tentato di risalire lo scivolo al contrario posando un piede un po&#8217; troppo pesante, forse un ragazzo che non ha valutato le conseguenze di quello che faceva. Non sar\u00e0 stato di sicuro un grande divertimento,\u00a0 e non \u00e8 divertente nemmeno il risultato, che vedete nella foto. Lo scivolo tra l&#8217;altro in questo stato, non \u00e8 solo rotto, ma \u00e8 anche pericoloso per i bambini che posso tagliarsi o restare incastrati.<\/p>\n<div class=\"radio-posizionamento-telefono-in-articoli-dopo-il-contenuto-articolo radio-entity-placement\" id=\"radio-3798299107\"><div id=\"radio-473509647\"><a href=\"https:\/\/grupporedi.it\/\" aria-label=\"Redi-Qr\"><img loading=\"lazy\" decoding=\"async\" src=\"https:\/\/www.radioluna.it\/news\/wp-content\/uploads\/2026\/03\/Redi-Qr.jpg\" alt=\"\"  srcset=\"https:\/\/www.radioluna.it\/news\/wp-content\/uploads\/2026\/03\/Redi-Qr.jpg 800w, https:\/\/www.radioluna.it\/news\/wp-content\/uploads\/2026\/03\/Redi-Qr-768x639.jpg 768w\" sizes=\"(max-width: 800px) 100vw, 800px\" width=\"300\" height=\"250\"   \/><\/a><\/div><\/div>","protected":false},"excerpt":{"rendered":"<p>LATINA &#8211; L&#8217;area giochi di Foceverde \u00e8 stata danneggiata. Lo segnalano alcuni genitori che frequentano abitualmente il parco al Lido di Latina. Atti vandalici che impediranno ai bambini di utilizzare lo spazio pubblico attrezzato. Sembra tra l&#8217;altro si tratti della stupidit\u00e0 di qualcuno che ha tentato di risalire lo scivolo al contrario posando un piede [&hellip;]<\/p>\n","protected":false},"author":62,"featured_media":224044,"comment_status":"open","ping_status":"open","sticky":false,"template":"","format":"standard","meta":{"footnotes":""},"categories":[7],"tags":[],"class_list":["post-224043","post","type-post","status-publish","format-standard","has-post-thumbnail","hentry","category-cronaca"],"_links":{"self":[{"href":"https:\/\/www.radioluna.it\/news\/wp-json\/wp\/v2\/posts\/224043","targetHints":{"allow":["GET"]}}],"collection":[{"href":"https:\/\/www.radioluna.it\/news\/wp-json\/wp\/v2\/posts"}],"about":[{"href":"https:\/\/www.radioluna.it\/news\/wp-json\/wp\/v2\/types\/post"}],"author":[{"embeddable":true,"href":"https:\/\/www.radioluna.it\/news\/wp-json\/wp\/v2\/users\/62"}],"replies":[{"embeddable":true,"href":"https:\/\/www.radioluna.it\/news\/wp-json\/wp\/v2\/comments?post=224043"}],"version-history":[{"count":0,"href":"https:\/\/www.radioluna.it\/news\/wp-json\/wp\/v2\/posts\/224043\/revisions"}],"wp:featuredmedia":[{"embeddable":true,"href":"https:\/\/www.radioluna.it\/news\/wp-json\/wp\/v2\/media\/224044"}],"wp:attachment":[{"href":"https:\/\/www.radioluna.it\/news\/wp-json\/wp\/v2\/media?parent=224043"}],"wp:term":[{"taxonomy":"category","embeddable":true,"href":"https:\/\/www.radioluna.it\/news\/wp-json\/wp\/v2\/categories?post=224043"},{"taxonomy":"post_tag","embeddable":true,"href":"https:\/\/www.radioluna.it\/news\/wp-json\/wp\/v2\/tags?post=224043"}],"curies":[{"name":"wp","href":"https:\/\/api.w.org\/{rel}","templated":true}]}}