{"id":225568,"date":"2018-07-03T18:32:25","date_gmt":"2018-07-03T16:32:25","guid":{"rendered":"http:\/\/www.radioluna.it\/news\/?p=225568"},"modified":"2018-07-05T05:22:26","modified_gmt":"2018-07-05T03:22:26","slug":"sfruttavano-lavoratori-in-agricoltura-il-comune-di-latina-vuole-essere-parte-civile","status":"publish","type":"post","link":"https:\/\/www.radioluna.it\/news\/2018\/07\/sfruttavano-lavoratori-in-agricoltura-il-comune-di-latina-vuole-essere-parte-civile\/","title":{"rendered":"Sfruttavano lavoratori in agricoltura, il Comune di Latina vuole essere parte civile"},"content":{"rendered":"<div id=\"fb-root\"><\/div>\n<p style=\"text-align: justify;\"><strong>LATINA<\/strong> &#8211; Sono accusati di aver sfruttato i lavoratori nella loro azienda agricola pagandoli pochissimo, facendoli lavorare moltissime ore al giorno\u00a0 a ciclo continuo, senza riposo settimanale, tenendoli a dormire in luoghi e situazioni degradanti sottoposti a minacce e imposizioni. Il Comune di Latina presenter\u00e0 richiesta di costituzione di parte civile nel procedimento penale a carico dei responsabili dell\u2019azienda agricola Di Bonito di Borgo Sabotino. Lo annunciano la vicesindaco Paola Briganti e l&#8217;assessora al Welfare Patrizia Ciccarelli in una nota, spiegando che si tratta di una condotta che, qualora risultasse provata in sede di processo, sarebbe lesiva di tutta la comunit\u00e0 cittadina.<\/p>\n<p style=\"text-align: justify;\">\u00abLa decisione di costituirsi parte civile nasce dall\u2019interesse di questa Amministrazione \u2013 spiega l\u2019Assessora alle Politiche di Welfare Patrizia Ciccarelli \u2013 a perseguire reati di questa fattispecie per la presenza significativa sul territorio comunale di richiedenti asilo e migranti che rischiano facilmente di divenire vittime di sfruttamento lavorativo e umano. L\u2019Amministrazione intende difendere l\u2019immagine di Latina quale citt\u00e0 ospitale ed inclusiva, laddove ci si \u00e8 distinti per le politiche di accoglienza che si stanno mettendo in atto e che hanno anche ricevuto riconoscimenti pubblici e apprezzamenti da altri enti che vedono nel nostro Comune un modello. La costituzione di parte civile ha poi l\u2019obiettivo di stimolare i cittadini a denunciare tali comportamenti illeciti al fine di contrastare la diffusione sommersa del fenomeno considerando che i comportamenti contestati si sono protratti dal 2009 al 2017\u00bb.<br \/>\n\u00abL\u2019Amministrazione ha fatto della legalit\u00e0 un pilastro fondante \u2013 aggiunge il Vicesindaco e Assessora alla Legalit\u00e0 Maria Paola Briganti &#8211; ed \u00e8 pi\u00f9 volte intervenuta sul tema specifico dichiarando di voler prendere fortemente le distanze dal fenomeno dello sfruttamento del lavoro nero, in particolare di quello agricolo\u00bb.<\/p>\n<div class=\"radio-posizionamento-telefono-in-articoli-dopo-il-contenuto-articolo radio-entity-placement\" id=\"radio-3907505819\"><div id=\"radio-3603523225\" style=\"width: 300px;height: 250px;\"><a href=\"https:\/\/www.icarspa.it\/auto\/usate\/latina\/\" aria-label=\"banner aprile icar new life &#8211; auto usate latina\"><img loading=\"lazy\" decoding=\"async\" src=\"https:\/\/www.radioluna.it\/news\/wp-content\/uploads\/2026\/02\/banner-aprile-icar-new-life-auto-usate-latina.gif\" alt=\"\"  width=\"300\" height=\"250\"   \/><\/a><\/div><\/div>","protected":false},"excerpt":{"rendered":"<p>LATINA &#8211; Sono accusati di aver sfruttato i lavoratori nella loro azienda agricola pagandoli pochissimo, facendoli lavorare moltissime ore al giorno\u00a0 a ciclo continuo, senza riposo settimanale, tenendoli a dormire in luoghi e situazioni degradanti sottoposti a minacce e imposizioni. Il Comune di Latina presenter\u00e0 richiesta di costituzione di parte civile nel procedimento penale a [&hellip;]<\/p>\n","protected":false},"author":62,"featured_media":213706,"comment_status":"open","ping_status":"open","sticky":false,"template":"","format":"standard","meta":{"footnotes":""},"categories":[7],"tags":[],"class_list":["post-225568","post","type-post","status-publish","format-standard","has-post-thumbnail","hentry","category-cronaca"],"_links":{"self":[{"href":"https:\/\/www.radioluna.it\/news\/wp-json\/wp\/v2\/posts\/225568","targetHints":{"allow":["GET"]}}],"collection":[{"href":"https:\/\/www.radioluna.it\/news\/wp-json\/wp\/v2\/posts"}],"about":[{"href":"https:\/\/www.radioluna.it\/news\/wp-json\/wp\/v2\/types\/post"}],"author":[{"embeddable":true,"href":"https:\/\/www.radioluna.it\/news\/wp-json\/wp\/v2\/users\/62"}],"replies":[{"embeddable":true,"href":"https:\/\/www.radioluna.it\/news\/wp-json\/wp\/v2\/comments?post=225568"}],"version-history":[{"count":0,"href":"https:\/\/www.radioluna.it\/news\/wp-json\/wp\/v2\/posts\/225568\/revisions"}],"wp:featuredmedia":[{"embeddable":true,"href":"https:\/\/www.radioluna.it\/news\/wp-json\/wp\/v2\/media\/213706"}],"wp:attachment":[{"href":"https:\/\/www.radioluna.it\/news\/wp-json\/wp\/v2\/media?parent=225568"}],"wp:term":[{"taxonomy":"category","embeddable":true,"href":"https:\/\/www.radioluna.it\/news\/wp-json\/wp\/v2\/categories?post=225568"},{"taxonomy":"post_tag","embeddable":true,"href":"https:\/\/www.radioluna.it\/news\/wp-json\/wp\/v2\/tags?post=225568"}],"curies":[{"name":"wp","href":"https:\/\/api.w.org\/{rel}","templated":true}]}}