{"id":225637,"date":"2018-07-04T18:00:36","date_gmt":"2018-07-04T16:00:36","guid":{"rendered":"http:\/\/www.radioluna.it\/news\/?p=225637"},"modified":"2018-07-04T22:52:48","modified_gmt":"2018-07-04T20:52:48","slug":"flash-incendio-al-lido-di-latina","status":"publish","type":"post","link":"https:\/\/www.radioluna.it\/news\/2018\/07\/flash-incendio-al-lido-di-latina\/","title":{"rendered":"Cucina nella roulotte, esplode la bombola, incendio al Lido di Latina"},"content":{"rendered":"<div id=\"fb-root\"><\/div>\n<div style=\"width: 640px;\" class=\"wp-video\"><video class=\"wp-video-shortcode\" id=\"video-225637-1\" width=\"640\" height=\"352\" preload=\"metadata\" controls=\"controls\"><source type=\"video\/mp4\" src=\"http:\/\/www.radioluna.it\/news\/wp-content\/uploads\/2018\/07\/VID-20180704-WA0035-1.mp4?_=1\" \/><a href=\"http:\/\/www.radioluna.it\/news\/wp-content\/uploads\/2018\/07\/VID-20180704-WA0035-1.mp4\">http:\/\/www.radioluna.it\/news\/wp-content\/uploads\/2018\/07\/VID-20180704-WA0035-1.mp4<\/a><\/video><\/div>\n<p style=\"text-align: justify;\">LATINA &#8211; Una nuvola di fumo denso causata da un incendio sviluppatosi in Via Palmarola\u00a0 si \u00e8 levata intorno alle 18 di oggi sul Lungomare di Latina ben visibile dalla spiaggia, causata dall&#8217;esplosione di una bombola del gas. Da quanto si \u00e8 appreso poi, un uomo, il custode di Via Palmarola, era impegnato a cucinare e solo per un caso fortuito si \u00e8 allontanato proprio mentre la bombola \u00e8 saltata in aria. L&#8217;incendio che ne \u00e8 seguito \u00e8 stato domato dai vigili del fuoco\u00a0 intervenuti con carabinieri del Norm di Latina che hanno ricostruito l&#8217;accaduto.<\/p>\n","protected":false},"excerpt":{"rendered":"<p>LATINA &#8211; Una nuvola di fumo denso causata da un incendio sviluppatosi in Via Palmarola\u00a0 si \u00e8 levata intorno alle 18 di oggi sul Lungomare di Latina ben visibile dalla spiaggia, causata dall&#8217;esplosione di una bombola del gas. Da quanto si \u00e8 appreso poi, un uomo, il custode di Via Palmarola, era impegnato a cucinare [&hellip;]<\/p>\n","protected":false},"author":62,"featured_media":225640,"comment_status":"open","ping_status":"open","sticky":false,"template":"","format":"video","meta":{"footnotes":""},"categories":[7,2312],"tags":[],"class_list":["post-225637","post","type-post","status-publish","format-video","has-post-thumbnail","hentry","category-cronaca","category-video","post_format-post-format-video"],"_links":{"self":[{"href":"https:\/\/www.radioluna.it\/news\/wp-json\/wp\/v2\/posts\/225637","targetHints":{"allow":["GET"]}}],"collection":[{"href":"https:\/\/www.radioluna.it\/news\/wp-json\/wp\/v2\/posts"}],"about":[{"href":"https:\/\/www.radioluna.it\/news\/wp-json\/wp\/v2\/types\/post"}],"author":[{"embeddable":true,"href":"https:\/\/www.radioluna.it\/news\/wp-json\/wp\/v2\/users\/62"}],"replies":[{"embeddable":true,"href":"https:\/\/www.radioluna.it\/news\/wp-json\/wp\/v2\/comments?post=225637"}],"version-history":[{"count":0,"href":"https:\/\/www.radioluna.it\/news\/wp-json\/wp\/v2\/posts\/225637\/revisions"}],"wp:featuredmedia":[{"embeddable":true,"href":"https:\/\/www.radioluna.it\/news\/wp-json\/wp\/v2\/media\/225640"}],"wp:attachment":[{"href":"https:\/\/www.radioluna.it\/news\/wp-json\/wp\/v2\/media?parent=225637"}],"wp:term":[{"taxonomy":"category","embeddable":true,"href":"https:\/\/www.radioluna.it\/news\/wp-json\/wp\/v2\/categories?post=225637"},{"taxonomy":"post_tag","embeddable":true,"href":"https:\/\/www.radioluna.it\/news\/wp-json\/wp\/v2\/tags?post=225637"}],"curies":[{"name":"wp","href":"https:\/\/api.w.org\/{rel}","templated":true}]}}