{"id":225659,"date":"2018-07-05T07:32:44","date_gmt":"2018-07-05T05:32:44","guid":{"rendered":"http:\/\/www.radioluna.it\/news\/?p=225659"},"modified":"2018-07-05T17:37:44","modified_gmt":"2018-07-05T15:37:44","slug":"maietta-trasferito-nel-carcere-di-regina-coeli-la-ferita-alla-gamba-e-guarita","status":"publish","type":"post","link":"https:\/\/www.radioluna.it\/news\/2018\/07\/maietta-trasferito-nel-carcere-di-regina-coeli-la-ferita-alla-gamba-e-guarita\/","title":{"rendered":"Maietta trasferito nel carcere di Regina Coeli, la ferita alla gamba \u00e8 guarita"},"content":{"rendered":"<div id=\"fb-root\"><\/div>\n<p style=\"text-align: justify;\"><strong>LATINA<\/strong> &#8211; La ferita al polpaccio procuratasi in un incidente domestico nella sua villa di Via Nascosa a Latina migliora e l&#8217;ex parlamentare di Fratelli D&#8217;Italia Pasquale Maietta \u00e8 nella condizione fisica di affrontare il carcere. Per questo, dopo l&#8217;ultima visita, i medici hanno dato il loro ok al giudice per il\u00a0 trasferimento del principale accusato nell&#8217;inchiesta Arpalo fondata sull&#8217;esistenza di un&#8217;associazione per delinquere che gestiva l&#8217;Us Latina Calcio e riciclava milioni di euro trasferendoli anche all&#8217;estero. Maietta ha cos\u00ec lasciato il reparto detenuti dell&#8217;ospedale Pertini di Roma dove era ricoverato per andare a Regina Coeli. Il percorso di recupero per la ferita causata dalla motozappa ad aprile, pochi giorni prima che scattasse l&#8217;operazione, \u00e8 stato giudicato completato, almeno nella sua parte pi\u00f9 delicata, e il trasferimento nel penitenziario romano \u00e8 avvenuto nella giornata di ieri, come riportano nell&#8217;edizione odierna i quotidiani Il Messaggero e Latina Oggi.<\/p>\n","protected":false},"excerpt":{"rendered":"<p>LATINA &#8211; La ferita al polpaccio procuratasi in un incidente domestico nella sua villa di Via Nascosa a Latina migliora e l&#8217;ex parlamentare di Fratelli D&#8217;Italia Pasquale Maietta \u00e8 nella condizione fisica di affrontare il carcere. Per questo, dopo l&#8217;ultima visita, i medici hanno dato il loro ok al giudice per il\u00a0 trasferimento del principale [&hellip;]<\/p>\n","protected":false},"author":62,"featured_media":170942,"comment_status":"open","ping_status":"open","sticky":false,"template":"","format":"standard","meta":{"footnotes":""},"categories":[7],"tags":[],"class_list":["post-225659","post","type-post","status-publish","format-standard","has-post-thumbnail","hentry","category-cronaca"],"_links":{"self":[{"href":"https:\/\/www.radioluna.it\/news\/wp-json\/wp\/v2\/posts\/225659","targetHints":{"allow":["GET"]}}],"collection":[{"href":"https:\/\/www.radioluna.it\/news\/wp-json\/wp\/v2\/posts"}],"about":[{"href":"https:\/\/www.radioluna.it\/news\/wp-json\/wp\/v2\/types\/post"}],"author":[{"embeddable":true,"href":"https:\/\/www.radioluna.it\/news\/wp-json\/wp\/v2\/users\/62"}],"replies":[{"embeddable":true,"href":"https:\/\/www.radioluna.it\/news\/wp-json\/wp\/v2\/comments?post=225659"}],"version-history":[{"count":0,"href":"https:\/\/www.radioluna.it\/news\/wp-json\/wp\/v2\/posts\/225659\/revisions"}],"wp:featuredmedia":[{"embeddable":true,"href":"https:\/\/www.radioluna.it\/news\/wp-json\/wp\/v2\/media\/170942"}],"wp:attachment":[{"href":"https:\/\/www.radioluna.it\/news\/wp-json\/wp\/v2\/media?parent=225659"}],"wp:term":[{"taxonomy":"category","embeddable":true,"href":"https:\/\/www.radioluna.it\/news\/wp-json\/wp\/v2\/categories?post=225659"},{"taxonomy":"post_tag","embeddable":true,"href":"https:\/\/www.radioluna.it\/news\/wp-json\/wp\/v2\/tags?post=225659"}],"curies":[{"name":"wp","href":"https:\/\/api.w.org\/{rel}","templated":true}]}}