{"id":225723,"date":"2018-07-05T19:51:50","date_gmt":"2018-07-05T17:51:50","guid":{"rendered":"http:\/\/www.radioluna.it\/news\/?p=225723"},"modified":"2018-07-06T13:38:13","modified_gmt":"2018-07-06T11:38:13","slug":"addio-a-renato-argano-se-ne-va-il-grande-vecchio-del-judo","status":"publish","type":"post","link":"https:\/\/www.radioluna.it\/news\/2018\/07\/addio-a-renato-argano-se-ne-va-il-grande-vecchio-del-judo\/","title":{"rendered":"Addio a Renato Argano, se ne va il grande vecchio del Judo"},"content":{"rendered":"<div id=\"fb-root\"><\/div>\n<div id=\"attachment_225731\" style=\"width: 792px\" class=\"wp-caption alignnone\"><img loading=\"lazy\" decoding=\"async\" aria-describedby=\"caption-attachment-225731\" class=\"wp-image-225731 size-large\" src=\"http:\/\/www.radioluna.it\/news\/wp-content\/uploads\/2018\/07\/Samura_x_3-782x1024.jpg\" alt=\"\" width=\"782\" height=\"1024\" srcset=\"https:\/\/www.radioluna.it\/news\/wp-content\/uploads\/2018\/07\/Samura_x_3-782x1024.jpg 782w, https:\/\/www.radioluna.it\/news\/wp-content\/uploads\/2018\/07\/Samura_x_3-229x300.jpg 229w, https:\/\/www.radioluna.it\/news\/wp-content\/uploads\/2018\/07\/Samura_x_3-768x1006.jpg 768w, https:\/\/www.radioluna.it\/news\/wp-content\/uploads\/2018\/07\/Samura_x_3-500x655.jpg 500w\" sizes=\"auto, (max-width: 782px) 100vw, 782px\" \/><p id=\"caption-attachment-225731\" class=\"wp-caption-text\">Il maestro Renato Argano con figlio avvocato e il nipote: a entrambi ha trasmesso la passione per il Judo<\/p><\/div>\n<p style=\"text-align: justify;\"><strong>LATINA\u00a0<\/strong> &#8211;\u00a0 Ha lasciato il suo tatami, magari per un materasso di nuvole. Si \u00e8 spento Renato Argano, storico Maestro di judo fondatore nel 1966 della Samurai Latina che non ha mai smesso di animare, anche quando le primavere si sono moltiplicate. Perch\u00e9 per lui il judo era musica, una sinfonia. Il nostro grande e unico maestro &#8211; scrivono dalla Samurai &#8211;\u00a0 \u00e8 andato a combattere per sempre dove altri nobili Samurai lo hanno preceduto.<\/p>\n<p style=\"text-align: justify;\">Maestro Benemerito 7\u00b0 DAN della Federazione Italiana Judo Lotta Karate Arti Marziali (FIJLKAM) \u00e8 stato uno\u00a0dei pionieri del Judo e del JuJitsu in Italia e ha seguito molti atleti portandoli ai vertici di questa disciplina. Ha lasciato molti scritti, abbiamo scelto una frase: &#8220;Il Judo\u00a0vi fa guardare in profondit\u00e0 il vostro intimo, le vostre paure, e col tempo vi far\u00e0 superare il concetto della vittoria e della sconfitta. II Judo \u00e8 efficienza\u201d.<\/p>\n<p>I funerali saranno celebrati domani, sabato 7 luglio alle ore 10, nella chiesa di San Luca (quartiere Q5).<\/p>\n","protected":false},"excerpt":{"rendered":"<p>LATINA\u00a0 &#8211;\u00a0 Ha lasciato il suo tatami, magari per un materasso di nuvole. Si \u00e8 spento Renato Argano, storico Maestro di judo fondatore nel 1966 della Samurai Latina che non ha mai smesso di animare, anche quando le primavere si sono moltiplicate. Perch\u00e9 per lui il judo era musica, una sinfonia. Il nostro grande e [&hellip;]<\/p>\n","protected":false},"author":60,"featured_media":225845,"comment_status":"open","ping_status":"open","sticky":false,"template":"","format":"standard","meta":{"footnotes":""},"categories":[7],"tags":[],"class_list":["post-225723","post","type-post","status-publish","format-standard","has-post-thumbnail","hentry","category-cronaca"],"_links":{"self":[{"href":"https:\/\/www.radioluna.it\/news\/wp-json\/wp\/v2\/posts\/225723","targetHints":{"allow":["GET"]}}],"collection":[{"href":"https:\/\/www.radioluna.it\/news\/wp-json\/wp\/v2\/posts"}],"about":[{"href":"https:\/\/www.radioluna.it\/news\/wp-json\/wp\/v2\/types\/post"}],"author":[{"embeddable":true,"href":"https:\/\/www.radioluna.it\/news\/wp-json\/wp\/v2\/users\/60"}],"replies":[{"embeddable":true,"href":"https:\/\/www.radioluna.it\/news\/wp-json\/wp\/v2\/comments?post=225723"}],"version-history":[{"count":0,"href":"https:\/\/www.radioluna.it\/news\/wp-json\/wp\/v2\/posts\/225723\/revisions"}],"wp:featuredmedia":[{"embeddable":true,"href":"https:\/\/www.radioluna.it\/news\/wp-json\/wp\/v2\/media\/225845"}],"wp:attachment":[{"href":"https:\/\/www.radioluna.it\/news\/wp-json\/wp\/v2\/media?parent=225723"}],"wp:term":[{"taxonomy":"category","embeddable":true,"href":"https:\/\/www.radioluna.it\/news\/wp-json\/wp\/v2\/categories?post=225723"},{"taxonomy":"post_tag","embeddable":true,"href":"https:\/\/www.radioluna.it\/news\/wp-json\/wp\/v2\/tags?post=225723"}],"curies":[{"name":"wp","href":"https:\/\/api.w.org\/{rel}","templated":true}]}}