{"id":226186,"date":"2018-07-12T08:42:20","date_gmt":"2018-07-12T06:42:20","guid":{"rendered":"http:\/\/www.radioluna.it\/news\/?p=226186"},"modified":"2018-07-12T08:43:24","modified_gmt":"2018-07-12T06:43:24","slug":"sulla-pontina-un-camion-esce-di-strada-e-si-rovescia-illeso-il-conducente","status":"publish","type":"post","link":"https:\/\/www.radioluna.it\/news\/2018\/07\/sulla-pontina-un-camion-esce-di-strada-e-si-rovescia-illeso-il-conducente\/","title":{"rendered":"Sulla Pontina un camion esce di strada e si rovescia, illeso il conducente"},"content":{"rendered":"<div id=\"fb-root\"><\/div>\n<p style=\"text-align: justify;\"><strong>APRILIA<\/strong> &#8211;\u00a0Un camion \u00e8 uscito di strada e si \u00e8 rovesciato questa mattina poco dopo le 6 sulla Pontina all&#8217;altezza di Campoverde in direzione sud al km 53,700. Nell&#8217;incidente autonomo nessuno \u00e8 rimasto ferito, e secondo le prime informazioni anche il conducente \u00e8 riuscito ad uscire da solo dalla cabina di guida. Il mezzo deve ancora essere rimosso cosa che comporter\u00e0 qualche disagio per la circolazione da qui a poco. Sul posto si trova la polizia stradale di Aprilia<\/p>\n","protected":false},"excerpt":{"rendered":"<p>APRILIA &#8211;\u00a0Un camion \u00e8 uscito di strada e si \u00e8 rovesciato questa mattina poco dopo le 6 sulla Pontina all&#8217;altezza di Campoverde in direzione sud al km 53,700. Nell&#8217;incidente autonomo nessuno \u00e8 rimasto ferito, e secondo le prime informazioni anche il conducente \u00e8 riuscito ad uscire da solo dalla cabina di guida. Il mezzo deve [&hellip;]<\/p>\n","protected":false},"author":62,"featured_media":226187,"comment_status":"open","ping_status":"open","sticky":false,"template":"","format":"standard","meta":{"footnotes":""},"categories":[7],"tags":[],"class_list":["post-226186","post","type-post","status-publish","format-standard","has-post-thumbnail","hentry","category-cronaca"],"_links":{"self":[{"href":"https:\/\/www.radioluna.it\/news\/wp-json\/wp\/v2\/posts\/226186","targetHints":{"allow":["GET"]}}],"collection":[{"href":"https:\/\/www.radioluna.it\/news\/wp-json\/wp\/v2\/posts"}],"about":[{"href":"https:\/\/www.radioluna.it\/news\/wp-json\/wp\/v2\/types\/post"}],"author":[{"embeddable":true,"href":"https:\/\/www.radioluna.it\/news\/wp-json\/wp\/v2\/users\/62"}],"replies":[{"embeddable":true,"href":"https:\/\/www.radioluna.it\/news\/wp-json\/wp\/v2\/comments?post=226186"}],"version-history":[{"count":0,"href":"https:\/\/www.radioluna.it\/news\/wp-json\/wp\/v2\/posts\/226186\/revisions"}],"wp:featuredmedia":[{"embeddable":true,"href":"https:\/\/www.radioluna.it\/news\/wp-json\/wp\/v2\/media\/226187"}],"wp:attachment":[{"href":"https:\/\/www.radioluna.it\/news\/wp-json\/wp\/v2\/media?parent=226186"}],"wp:term":[{"taxonomy":"category","embeddable":true,"href":"https:\/\/www.radioluna.it\/news\/wp-json\/wp\/v2\/categories?post=226186"},{"taxonomy":"post_tag","embeddable":true,"href":"https:\/\/www.radioluna.it\/news\/wp-json\/wp\/v2\/tags?post=226186"}],"curies":[{"name":"wp","href":"https:\/\/api.w.org\/{rel}","templated":true}]}}