{"id":226199,"date":"2018-07-12T09:35:02","date_gmt":"2018-07-12T07:35:02","guid":{"rendered":"http:\/\/www.radioluna.it\/news\/?p=226199"},"modified":"2018-07-12T09:35:33","modified_gmt":"2018-07-12T07:35:33","slug":"sabaudia-sunset-jazz-festival-festa-di-apertura-al-tramonto-di-venerdi-13","status":"publish","type":"post","link":"https:\/\/www.radioluna.it\/news\/2018\/07\/sabaudia-sunset-jazz-festival-festa-di-apertura-al-tramonto-di-venerdi-13\/","title":{"rendered":"Sabaudia Sunset Jazz Festival, festa di apertura al tramonto di venerd\u00ec 13"},"content":{"rendered":"<div id=\"fb-root\"><\/div>\n<p style=\"text-align: justify;\"><strong>LATINA<\/strong> &#8211; Sabaudia aspetta la magia dei concerti al tramonto sulla spiaggia. E torna puntuale a partire da domani, il Sabaudia Sunset Jazz Festival 2018. &#8220;Un progetto\u00a0 &#8211; dicono gli organizzatori &#8211; per unire la bellezza della magnifica spiaggia di Sabaudia e i suoi incredibili tramonti con la sensuale sonorit\u00e0 della musica jazz. Una magia che si rinnova al cospetto del Monte Circeo, dimora della Maga Circe nei racconti di Omero&#8221;.<\/p>\n<p style=\"text-align: justify;\">Gli ingredienti ci sono tutti e venerd\u00ec 13 si comincia con il primo appuntamento, una festa di apertura a La Spiaggia: &#8220;L\u2019entusiasmo del pubblico delle prime quattro edizioni \u00e8 stato incredibile ed \u00e8 cresciuto di anno in anno. L\u2019energia positiva che anima i concerti al tramonto del festival hanno qualche cosa di unico&#8221;. Un successo su cui ha scommesso da subito l&#8217;organizzatore, ideatore e promotore Giulio Verdecchia, che ha radunato circa\u00a0 14 mila spettatori di tutte le fasce d\u2019et\u00e0.<\/p>\n<p style=\"text-align: justify;\">IL PROGRAMMA &#8211; Quest\u2019anno ci saranno 12 concerti nei quattro stabilimenti balneari partner,\u00a0Saporetti, La Spiaggia, Liland\u00e0 e Le Streghe sulla spiaggia di Sabaudia, tre appuntamenti per ciascuna location. Il festival inizia venerd\u00ec 13 luglio con una festa di apertura a La Spiaggia e finir\u00e0 domenica 29 luglio con una festa di chiusura da Saporetti. I concerti inizieranno un\u2019ora prima del tramonto (19.00) e termineranno al calar del sole (20.40), salutando il sole che scompare nell&#8217;orizzonte tra mille sfumature di rosso e di arancione.<\/p>\n<p style=\"text-align: justify;\">La manifestazione \u00e8 resa possibile da Caff\u00e8 Circi, Carrefour Market e L\u2019Auto e da vari altri sponsor<\/p>\n<div class=\"radio-posizionamento-telefono-in-articoli-dopo-il-contenuto-articolo radio-entity-placement\" id=\"radio-3700659258\"><div id=\"radio-2447277208\"><a href=\"https:\/\/grupporedi.it\/\" aria-label=\"Redi-Qr\"><img loading=\"lazy\" decoding=\"async\" src=\"https:\/\/www.radioluna.it\/news\/wp-content\/uploads\/2026\/03\/Redi-Qr.jpg\" alt=\"\"  srcset=\"https:\/\/www.radioluna.it\/news\/wp-content\/uploads\/2026\/03\/Redi-Qr.jpg 800w, https:\/\/www.radioluna.it\/news\/wp-content\/uploads\/2026\/03\/Redi-Qr-768x639.jpg 768w\" sizes=\"(max-width: 800px) 100vw, 800px\" width=\"300\" height=\"250\"   \/><\/a><\/div><\/div>","protected":false},"excerpt":{"rendered":"<p>LATINA &#8211; Sabaudia aspetta la magia dei concerti al tramonto sulla spiaggia. E torna puntuale a partire da domani, il Sabaudia Sunset Jazz Festival 2018. &#8220;Un progetto\u00a0 &#8211; dicono gli organizzatori &#8211; per unire la bellezza della magnifica spiaggia di Sabaudia e i suoi incredibili tramonti con la sensuale sonorit\u00e0 della musica jazz. Una magia [&hellip;]<\/p>\n","protected":false},"author":62,"featured_media":226200,"comment_status":"open","ping_status":"open","sticky":false,"template":"","format":"standard","meta":{"footnotes":""},"categories":[16],"tags":[],"class_list":["post-226199","post","type-post","status-publish","format-standard","has-post-thumbnail","hentry","category-appuntamenti"],"_links":{"self":[{"href":"https:\/\/www.radioluna.it\/news\/wp-json\/wp\/v2\/posts\/226199","targetHints":{"allow":["GET"]}}],"collection":[{"href":"https:\/\/www.radioluna.it\/news\/wp-json\/wp\/v2\/posts"}],"about":[{"href":"https:\/\/www.radioluna.it\/news\/wp-json\/wp\/v2\/types\/post"}],"author":[{"embeddable":true,"href":"https:\/\/www.radioluna.it\/news\/wp-json\/wp\/v2\/users\/62"}],"replies":[{"embeddable":true,"href":"https:\/\/www.radioluna.it\/news\/wp-json\/wp\/v2\/comments?post=226199"}],"version-history":[{"count":0,"href":"https:\/\/www.radioluna.it\/news\/wp-json\/wp\/v2\/posts\/226199\/revisions"}],"wp:featuredmedia":[{"embeddable":true,"href":"https:\/\/www.radioluna.it\/news\/wp-json\/wp\/v2\/media\/226200"}],"wp:attachment":[{"href":"https:\/\/www.radioluna.it\/news\/wp-json\/wp\/v2\/media?parent=226199"}],"wp:term":[{"taxonomy":"category","embeddable":true,"href":"https:\/\/www.radioluna.it\/news\/wp-json\/wp\/v2\/categories?post=226199"},{"taxonomy":"post_tag","embeddable":true,"href":"https:\/\/www.radioluna.it\/news\/wp-json\/wp\/v2\/tags?post=226199"}],"curies":[{"name":"wp","href":"https:\/\/api.w.org\/{rel}","templated":true}]}}