{"id":226214,"date":"2018-07-12T11:10:38","date_gmt":"2018-07-12T09:10:38","guid":{"rendered":"http:\/\/www.radioluna.it\/news\/?p=226214"},"modified":"2018-07-12T11:50:33","modified_gmt":"2018-07-12T09:50:33","slug":"spari-contro-due-nigeriani-a-latina-scalo-solidarieta-dal-comune","status":"publish","type":"post","link":"https:\/\/www.radioluna.it\/news\/2018\/07\/spari-contro-due-nigeriani-a-latina-scalo-solidarieta-dal-comune\/","title":{"rendered":"Spari contro due nigeriani a Latina Scalo, solidariet\u00e0 da Comune e Lbc"},"content":{"rendered":"<div id=\"fb-root\"><\/div>\n<p style=\"text-align: justify;\"><strong>LATINA<\/strong> &#8211;\u00a0L\u2019Amministrazione comunale esprime solidariet\u00e0 ai due giovani nigeriani, raggiunti da due colpi sparati con pistola ad aria compressa nella serata di ieri a Latina Scalo e\u00a0ribadisce l\u2019impegno &#8220;nel proseguire il lavoro di accoglienza e integrazione intrapreso, nel costruire cantieri di pace coinvolgendo i comitati di quartiere della citt\u00e0 e facendo in modo che episodi simili non si ripetano e restino isolati&#8221;. &#8220;Latina non \u00e8 questa, non \u00e8 razzista&#8221;, gli fanno eco in una nota dal gruppo consiliare di Lbc sottolineando che &#8220;i<span class=\"m_4684510759337222550text_exposed_show\">l razzismo \u00e8 sempre stato una piaga nella Storia dell\u2019Umanit\u00e0 e, se non viene adeguatamente contrastato, pu\u00f2 sfociare in episodi di cieca violenza..se l\u2019odio viene alimentato da un clima di ignoranza, sospetto, paura del diverso, nel tentativo di trasformare la paura di un futuro incerto nella paura dello straniero&#8221;.<\/span><\/p>\n<p style=\"text-align: justify;\">Per il sindaco Damiano Coletta occorre proseguire sulla strada di un sistema di accoglienza sostenibile: \u00abSeppure sia ancora da accertare la dinamica dell\u2019episodio &#8211; dichiara il primo cittadino \u2013 sembra chiara la matrice discriminatoria: siamo di fronte ad un gesto di intolleranza e intimidazione che desta preoccupazione e inquietudine, un fatto che si fa fatica ad ascrivere ad una citt\u00e0 che sta affrontando il flusso migratorio in maniera sostenibile e in uno spirito di condivisione tra tutte le forze politiche, vedi l\u2019ultima commissione Welfare durante la quale c\u2019\u00e8 stato un confronto costruttivo rispetto al percorso che questa Amministrazione sta portando avanti sul fronte dell\u2019inclusione con il progetto Sprar\u00bb.<\/p>\n<p style=\"text-align: justify;\">&#8220;Siamo preoccupati e indignati per questo vile e grave gesto che se fosse di matrice razzista, assumerebbe toni ancora pi\u00f9 inquietanti. <span class=\"m_4684510759337222550text_exposed_show\">Questo grave episodio \u00e8 e resta un episodio di violenza, un gesto criminale ad opera di ignoti, che suscita il nostro disprezzo e per il quale attendiamo venga fatta chiarezza e individuati i responsabili&#8221;, conclude la nota di Lbc.<\/span><\/p>\n<p style=\"text-align: justify;\">Nel corso della commissione l&#8217;assessora Patrizia Ciccarelli aveva relazionato sull&#8217;argomento, evidenziando i numeri dell&#8217;accoglienza nel comune capoluogo: 768 richiedenti asilo ospitati nei Cas, circa 200 in meno che nei mesi passati e sottolineando che comunque dopo gli arresti a Fondi dei gestori di due coop accusate\u00a0 di trattamenti disumani, la strada migliore resta quella di lasciare ai Comuni la gestione del fenomeno attraverso i progetti realizzati nell&#8217;ambito del Sistema di protezione per richiedenti asilo e rifugiati.\u00a0 (nella foto d&#8217;archivio due migranti impiegati\u00a0 in un progetto del Comune di Latina)<\/p>\n","protected":false},"excerpt":{"rendered":"<p>LATINA &#8211;\u00a0L\u2019Amministrazione comunale esprime solidariet\u00e0 ai due giovani nigeriani, raggiunti da due colpi sparati con pistola ad aria compressa nella serata di ieri a Latina Scalo e\u00a0ribadisce l\u2019impegno &#8220;nel proseguire il lavoro di accoglienza e integrazione intrapreso, nel costruire cantieri di pace coinvolgendo i comitati di quartiere della citt\u00e0 e facendo in modo che episodi [&hellip;]<\/p>\n","protected":false},"author":62,"featured_media":219562,"comment_status":"open","ping_status":"open","sticky":false,"template":"","format":"standard","meta":{"footnotes":""},"categories":[7],"tags":[],"class_list":["post-226214","post","type-post","status-publish","format-standard","has-post-thumbnail","hentry","category-cronaca"],"_links":{"self":[{"href":"https:\/\/www.radioluna.it\/news\/wp-json\/wp\/v2\/posts\/226214","targetHints":{"allow":["GET"]}}],"collection":[{"href":"https:\/\/www.radioluna.it\/news\/wp-json\/wp\/v2\/posts"}],"about":[{"href":"https:\/\/www.radioluna.it\/news\/wp-json\/wp\/v2\/types\/post"}],"author":[{"embeddable":true,"href":"https:\/\/www.radioluna.it\/news\/wp-json\/wp\/v2\/users\/62"}],"replies":[{"embeddable":true,"href":"https:\/\/www.radioluna.it\/news\/wp-json\/wp\/v2\/comments?post=226214"}],"version-history":[{"count":0,"href":"https:\/\/www.radioluna.it\/news\/wp-json\/wp\/v2\/posts\/226214\/revisions"}],"wp:featuredmedia":[{"embeddable":true,"href":"https:\/\/www.radioluna.it\/news\/wp-json\/wp\/v2\/media\/219562"}],"wp:attachment":[{"href":"https:\/\/www.radioluna.it\/news\/wp-json\/wp\/v2\/media?parent=226214"}],"wp:term":[{"taxonomy":"category","embeddable":true,"href":"https:\/\/www.radioluna.it\/news\/wp-json\/wp\/v2\/categories?post=226214"},{"taxonomy":"post_tag","embeddable":true,"href":"https:\/\/www.radioluna.it\/news\/wp-json\/wp\/v2\/tags?post=226214"}],"curies":[{"name":"wp","href":"https:\/\/api.w.org\/{rel}","templated":true}]}}