{"id":226256,"date":"2018-07-25T13:11:21","date_gmt":"2018-07-25T11:11:21","guid":{"rendered":"http:\/\/www.radioluna.it\/news\/?p=226256"},"modified":"2018-07-30T10:02:19","modified_gmt":"2018-07-30T08:02:19","slug":"pontinia-riapre-il-teatro-fellini-con-il-sipario-usato-nel-35-per-inaugurare-la-citta","status":"publish","type":"post","link":"https:\/\/www.radioluna.it\/news\/2018\/07\/pontinia-riapre-il-teatro-fellini-con-il-sipario-usato-nel-35-per-inaugurare-la-citta\/","title":{"rendered":"Pontinia, riapre il Teatro Fellini con il sipario usato nel &#8217;35 per inaugurare la citt\u00e0"},"content":{"rendered":"<div id=\"fb-root\"><\/div>\n<p style=\"text-align: justify;\"><strong>PONTINIA<\/strong> &#8211; Un cimelio in particolare riporta Pontinia al momento della cerimonia di inaugurazione della citt\u00e0, il 18 dicembre 1935: \u00e8 un sipario che arriva quasi per caso il giorno prima, dall&#8217;Opera di Roma, per omaggiare il Duce che vuole un palco degno dell&#8217;evento. Un documento e una storia che Clemente Pernarella ha voluto rispolverare per il giorno della riapertura del Teatro Fellini in programma non a caso domani, per la Festa di Sant&#8217;Anna, patrona della citt\u00e0.<\/p>\n<p style=\"text-align: justify;\">&#8220;E&#8217; una delle feste pi\u00f9 belle della provincia e abbiamo scelto questa data per inaugurare il teatro. Domani saranno spalancate le porte e le finestre del teatro, un invito ad entrare, a sedersi cinque minuti, ammirare questo sipario la cui storia a Pontinia \u00e8 conosciuta, ma che \u00e8 bello raccontare anche lontano da qui. Abbiamo preparato anche una sorpresa, un racconto per immagini del teatro, ricordando le persone nate qui che hanno fatto, vissuto e tenuto in vita questo posto, le tante filodrammatiche che si sono succedute&#8221;, dice il regista e attore di Latina, cui \u00e8 stata affidata la direzione artistica del Fellini.<\/p>\n<p style=\"text-align: justify;\">Casualmente il sipario (che \u00e8 stato restaurato per l&#8217;occasione) \u00e8 scenografato e riporta immagini che pur essendo state disegnate diversi anni prima del 1935, da chi lo realizz\u00f2, sembrano descrivere proprio la pianura pontina, i monti Lepini e le Citt\u00e0 Nuove: &#8220;E&#8217; stato probabilmente un caso, ma racconta pi\u00f9 di quanto possiamo dire, un documento importante e unico ritratto anche nel film <em>Ritratto di un vizio<\/em> di Marco Ferreri. Quell&#8217;immagine rester\u00e0\u00a0 per sempre nel lavoro di uno dei grandi del cinema italiano del &#8216;900&#8243;.<\/p>\n<p style=\"text-align: justify;\">Una storia che ci ha raccontato su Radio Luna Clemente Pernarella (qui nella foto di Nicholas Perinelli che lo immortala in questi giorni mentre sta girando un corto a Latina).<\/p>\n<p>ASCOLTA<\/p>\n<audio class=\"wp-audio-shortcode\" id=\"audio-226256-1\" preload=\"none\" style=\"width: 100%;\" controls=\"controls\"><source type=\"audio\/mpeg\" src=\"https:\/\/www.radioluna.it\/news\/wp-content\/uploads\/2018\/07\/clemente-pernarella-sipario.mp3?_=1\" \/><a href=\"https:\/\/www.radioluna.it\/news\/wp-content\/uploads\/2018\/07\/clemente-pernarella-sipario.mp3\">https:\/\/www.radioluna.it\/news\/wp-content\/uploads\/2018\/07\/clemente-pernarella-sipario.mp3<\/a><\/audio>\n<p>&nbsp;<\/p>\n","protected":false},"excerpt":{"rendered":"<p>PONTINIA &#8211; Un cimelio in particolare riporta Pontinia al momento della cerimonia di inaugurazione della citt\u00e0, il 18 dicembre 1935: \u00e8 un sipario che arriva quasi per caso il giorno prima, dall&#8217;Opera di Roma, per omaggiare il Duce che vuole un palco degno dell&#8217;evento. Un documento e una storia che Clemente Pernarella ha voluto rispolverare [&hellip;]<\/p>\n","protected":false},"author":62,"featured_media":227063,"comment_status":"open","ping_status":"open","sticky":false,"template":"","format":"standard","meta":{"footnotes":""},"categories":[2310,15],"tags":[],"class_list":["post-226256","post","type-post","status-publish","format-standard","has-post-thumbnail","hentry","category-audio","category-cultura"],"_links":{"self":[{"href":"https:\/\/www.radioluna.it\/news\/wp-json\/wp\/v2\/posts\/226256","targetHints":{"allow":["GET"]}}],"collection":[{"href":"https:\/\/www.radioluna.it\/news\/wp-json\/wp\/v2\/posts"}],"about":[{"href":"https:\/\/www.radioluna.it\/news\/wp-json\/wp\/v2\/types\/post"}],"author":[{"embeddable":true,"href":"https:\/\/www.radioluna.it\/news\/wp-json\/wp\/v2\/users\/62"}],"replies":[{"embeddable":true,"href":"https:\/\/www.radioluna.it\/news\/wp-json\/wp\/v2\/comments?post=226256"}],"version-history":[{"count":0,"href":"https:\/\/www.radioluna.it\/news\/wp-json\/wp\/v2\/posts\/226256\/revisions"}],"wp:featuredmedia":[{"embeddable":true,"href":"https:\/\/www.radioluna.it\/news\/wp-json\/wp\/v2\/media\/227063"}],"wp:attachment":[{"href":"https:\/\/www.radioluna.it\/news\/wp-json\/wp\/v2\/media?parent=226256"}],"wp:term":[{"taxonomy":"category","embeddable":true,"href":"https:\/\/www.radioluna.it\/news\/wp-json\/wp\/v2\/categories?post=226256"},{"taxonomy":"post_tag","embeddable":true,"href":"https:\/\/www.radioluna.it\/news\/wp-json\/wp\/v2\/tags?post=226256"}],"curies":[{"name":"wp","href":"https:\/\/api.w.org\/{rel}","templated":true}]}}